{"id":6512,"date":"2025-07-16T10:58:17","date_gmt":"2025-07-16T10:58:17","guid":{"rendered":"https:\/\/story24.biz.ua\/?p=6512"},"modified":"2025-07-16T10:58:17","modified_gmt":"2025-07-16T10:58:17","slug":"jak-naturalnie-zapuscic-siwe-wlosy","status":"publish","type":"post","link":"https:\/\/story24.biz.ua\/?p=6512","title":{"rendered":"Jak naturalnie zapu\u015bci\u0107 siwe w\u0142osy?"},"content":{"rendered":"\n<p>Chcesz przesta\u0107 farbowa\u0107 w\u0142osy i zaakceptowa\u0107 swoje siwe w\u0142osy? <\/p>\n\n\n\n<p>Cho\u0107 przej\u015bcie nie zawsze jest \u0142atwe, jest mo\u017cliwe. <\/p>\n\n\n\n<p>Oto nasz poradnik, jak naturalnie siwie\u0107.<\/p>\n\n\n\n<p>Z biegiem lat pojawiaj\u0105 si\u0119 pierwsze siwe w\u0142osy i naszym pierwszym odruchem jest cz\u0119sto rzucenie si\u0119 do fryzjera, aby zamaskowa\u0107 je wszelkiego rodzaju farbami. Czasami jednak akceptujemy je i pozwalamy im rosn\u0105\u0107 naturalnie.<\/p>\n\n\n\n<p>Powinna\u015b wiedzie\u0107, \u017ce ta zmiana zajmie troch\u0119 czasu i b\u0119dzie przebiega\u0107 stopniowo, ale warto!<\/p>\n\n\n\n<p>Jak naturalnie siwie\u0107?<\/p>\n\n\n\n<p>Nie ma cudownego rozwi\u0105zania, aby naturalnie siwie\u0107: musisz pozwoli\u0107 w\u0142osom rosn\u0105\u0107. To cz\u0119sto najtrudniejszy krok, poniewa\u017c pokusa, aby je zafarbowa\u0107, czasami bierze g\u00f3r\u0119. Ta faza nazywana jest \u201efaz\u0105 dwutonow\u0105\u201d, w kt\u00f3rej siwe odrosty przeplataj\u0105 si\u0119 z farbowanymi w\u0142osami na ca\u0142ej d\u0142ugo\u015bci. Chodzi o to, aby stopniowo przycina\u0107 w\u0142osy, a\u017c nie b\u0119dzie ju\u017c ani jednego farbowanego w\u0142osa.<\/p>\n\n\n\n<p>Oczywi\u015bcie, mo\u017cna przyspieszy\u0107 proces, stosuj\u0105c skr\u00f3con\u0105 fryzur\u0119, ale osoby, kt\u00f3re chc\u0105 zachowa\u0107 d\u0142ugo\u015b\u0107 w\u0142os\u00f3w, musz\u0105 uzbroi\u0107 si\u0119 w cierpliwo\u015b\u0107!<\/p>\n\n\n\n<p>Jak uzyska\u0107 pi\u0119kne siwe w\u0142osy?<\/p>\n\n\n\n<p>Niezale\u017cnie od tego, czy farbujemy w\u0142osy, czy nie, musimy o nie dba\u0107, a siwe w\u0142osy nie s\u0105 wyj\u0105tkiem! Po pierwsze, niezb\u0119dne jest stosowanie dobrego szamponu oczyszczaj\u0105cego, kt\u00f3ry utrzyma ich blask i \u015bwie\u017co\u015b\u0107.<\/p>\n\n\n\n<p>Po drugie, stosujemy kuracje koryguj\u0105ce. Bia\u0142e i siwe w\u0142osy s\u0105 delikatne i porowate, a ryzyko \u017c\u00f3\u0142kni\u0119cia istnieje w przypadku kontaktu z zanieczyszczonym powietrzem. Aby to osi\u0105gn\u0105\u0107, stosujemy kuracje przeciw\u017c\u00f3\u0142kni\u0119ciu. Uwa\u017caj jednak, aby nie przesadzi\u0107. Najlepiej robi\u0107 to mniej wi\u0119cej co pi\u0119\u0107 my\u0107, poniewa\u017c bia\u0142e w\u0142osy absorbuj\u0105 fioletowe tony z tych kuracji. Zaleca si\u0119 r\u00f3wnie\u017c dodatkow\u0105 piel\u0119gnacj\u0119 w\u0142\u00f3kna w\u0142os\u00f3w, stosuj\u0105c produkty nawil\u017caj\u0105ce, a nast\u0119pnie serum, aby w\u0142osy nabra\u0142y blasku.<\/p>\n\n\n\n<p>Jak piel\u0119gnowa\u0107 siwe w\u0142osy?<\/p>\n\n\n\n<p>Aby pozostawi\u0107 siwe w\u0142osy, opr\u00f3cz piel\u0119gnacji, musisz r\u00f3wnie\u017c zdecydowa\u0107 si\u0119 na \u0142adne ci\u0119cia, kt\u00f3re podkre\u015bl\u0105 ka\u017cdy odcie\u0144 tego koloru. Kr\u00f3tkie ci\u0119cia, takie jak bob lub cieniowany bob, idealnie nadaj\u0105 si\u0119 do podkre\u015blenia siwych w\u0142os\u00f3w i utrzymania ich w zdrowiu.<\/p>\n\n\n\n<p>Je\u015bli nie jeste\u015b gotowa po\u017cegna\u0107 si\u0119 z d\u0142ugimi w\u0142osami, bardzo wa\u017cne jest regularne podcinanie ko\u0144c\u00f3wek. Z wiekiem struktura w\u0142os\u00f3w zmienia si\u0119, staj\u0105 si\u0119 bardziej porowate i szorstkie, przez co \u0142atwiej si\u0119 \u0142ami\u0105 i matowiej\u0105.<\/p>\n\n\n\n<p>Aby pozostawi\u0107 siwe w\u0142osy, a jednocze\u015bnie od czasu do czasu je rozja\u015bni\u0107, zdecyduj si\u0119 na okazjonalny balayage. Rozja\u015bnianie w\u0142os\u00f3w to proces, wi\u0119c bez paniki, nie ma mowy o farbowaniu. Ta technika pozwoli Ci doda\u0107 odrobin\u0119 jasnych i \u0142adnych refleks\u00f3w do Twoich siwych w\u0142os\u00f3w.<\/p>\n\n\n\n<p>Jaki balayage najlepiej sprawdza si\u0119 na siwych w\u0142osach?<\/p>\n\n\n\n<p>Je\u015bli istnieje balayage, kt\u00f3ry idealnie pasuje do siwych w\u0142os\u00f3w, to jest to popielaty blond. Popielaty blond idealnie komponuje si\u0119 z siwymi i bia\u0142ymi pasmami w\u0142os\u00f3w i wygl\u0105da \u015bwietnie na ka\u017cdej fryzurze. To idealna technika nadania w\u0142osom harmonii i pi\u0119knych refleks\u00f3w.<\/p>\n","protected":false},"excerpt":{"rendered":"Chcesz przesta\u0107 farbowa\u0107 w\u0142osy i zaakceptowa\u0107 swoje siwe w\u0142osy? Cho\u0107 przej\u015bcie nie zawsze jest \u0142atwe, jest mo\u017cliwe. Oto nasz poradnik, jak naturalnie siwie\u0107. \n<a class=\"moretag\" href=\"https:\/\/story24.biz.ua\/?p=6512\"> [...]<\/a>","protected":false},"author":1,"featured_media":6513,"comment_status":"open","ping_status":"open","sticky":false,"template":"","format":"standard","meta":{"footnotes":""},"categories":[1],"tags":[],"class_list":["post-6512","post","type-post","status-publish","format-standard","has-post-thumbnail","hentry","category-blog"],"_links":{"self":[{"href":"https:\/\/story24.biz.ua\/index.php?rest_route=\/wp\/v2\/posts\/6512","targetHints":{"allow":["GET"]}}],"collection":[{"href":"https:\/\/story24.biz.ua\/index.php?rest_route=\/wp\/v2\/posts"}],"about":[{"href":"https:\/\/story24.biz.ua\/index.php?rest_route=\/wp\/v2\/types\/post"}],"author":[{"embeddable":true,"href":"https:\/\/story24.biz.ua\/index.php?rest_route=\/wp\/v2\/users\/1"}],"replies":[{"embeddable":true,"href":"https:\/\/story24.biz.ua\/index.php?rest_route=%2Fwp%2Fv2%2Fcomments&post=6512"}],"version-history":[{"count":1,"href":"https:\/\/story24.biz.ua\/index.php?rest_route=\/wp\/v2\/posts\/6512\/revisions"}],"predecessor-version":[{"id":6514,"href":"https:\/\/story24.biz.ua\/index.php?rest_route=\/wp\/v2\/posts\/6512\/revisions\/6514"}],"wp:featuredmedia":[{"embeddable":true,"href":"https:\/\/story24.biz.ua\/index.php?rest_route=\/wp\/v2\/media\/6513"}],"wp:attachment":[{"href":"https:\/\/story24.biz.ua\/index.php?rest_route=%2Fwp%2Fv2%2Fmedia&parent=6512"}],"wp:term":[{"taxonomy":"category","embeddable":true,"href":"https:\/\/story24.biz.ua\/index.php?rest_route=%2Fwp%2Fv2%2Fcategories&post=6512"},{"taxonomy":"post_tag","embeddable":true,"href":"https:\/\/story24.biz.ua\/index.php?rest_route=%2Fwp%2Fv2%2Ftags&post=6512"}],"curies":[{"name":"wp","href":"https:\/\/api.w.org\/{rel}","templated":true}]}}