{"id":6254,"date":"2025-07-11T07:38:00","date_gmt":"2025-07-11T07:38:00","guid":{"rendered":"https:\/\/story24.biz.ua\/?p=6254"},"modified":"2025-07-11T07:38:00","modified_gmt":"2025-07-11T07:38:00","slug":"krol-karol-wydaje-pierwsze-oswiadczenie-po-wywolaniu-obaw-o-zdrowie","status":"publish","type":"post","link":"https:\/\/story24.biz.ua\/?p=6254","title":{"rendered":"Kr\u00f3l Karol wydaje pierwsze o\u015bwiadczenie po wywo\u0142aniu obaw o zdrowie"},"content":{"rendered":"\n<h2 class=\"wp-block-heading\">Kr\u00f3l Karol III przerwa\u0142 milczenie kilka godzin po tym, jak jego nowy wygl\u0105d wywo\u0142a\u0142 wojn\u0119 o zdrowie.<\/h2>\n\n\n\n<p>We wtorek, 8 lipca, 76-letni monarcha powita\u0142 prezydenta Francji Emmanuela Macrona i jego \u017con\u0119 Brigitte Macron w Wielkiej Brytanii podczas trzydniowej wizyty pa\u0144stwowej.<\/p>\n\n\n\n<p>Gdy nagrania z ceremonii powitalnej szybko rozprzestrzeni\u0142y si\u0119 w internecie, fani rodziny kr\u00f3lewskiej szybko zauwa\u017cyli p\u0119kni\u0119te naczynie krwiono\u015bne w prawym oku kr\u00f3la.<\/p>\n\n\n\n<figure class=\"wp-block-image\"><img decoding=\"async\" src=\"https:\/\/bunny-wp-pullzone-qbwibhia54.b-cdn.net\/wp-content\/uploads\/2025\/07\/newspress-collage-7y6awzppl-1751973418477.webp\" alt=\"\" class=\"wp-image-233463\"\/><\/figure>\n\n\n\n<p>Jednak osoba z Pa\u0142acu Buckingham szybko ustali\u0142a, \u017ce \u200b\u200bproblem z czerwonymi oczami Jego Kr\u00f3lewskiej Mo\u015bci nie ma zwi\u0105zku z trwaj\u0105cym leczeniem onkologicznym Karola.<\/p>\n\n\n\n<p>Zaledwie kilka godzin po wyg\u0142oszeniu or\u0119dzia o swoim zdrowiu, Karol poprowadzi\u0142 bankiet pa\u0144stwowy dla francuskiego polityka, podczas kt\u00f3rego wyg\u0142osi\u0142 r\u00f3wnie\u017c poruszaj\u0105c\u0105 mow\u0119.<\/p>\n\n\n\n<p>Kr\u00f3l rozpocz\u0105\u0142 monolog, witaj\u0105c par\u0119 po francusku, kt\u00f3ry zosta\u0142 przet\u0142umaczony na: \u201eZ wielk\u0105 przyjemno\u015bci\u0105 wraz z \u017con\u0105 witamy Pa\u0144stwa w Zamku Windsor z okazji tej wizyty pa\u0144stwowej; pierwszej, kt\u00f3r\u0105 go\u015bciem tutaj w Windsorze od czasu mojego wst\u0105pienia na tron\u201d.<\/p>\n\n\n\n<figure class=\"wp-block-image\"><img decoding=\"async\" src=\"https:\/\/bunny-wp-pullzone-qbwibhia54.b-cdn.net\/wp-content\/uploads\/2025\/07\/king-charles-eye.webp\" alt=\"\" class=\"wp-image-233462\"\/><\/figure>\n\n\n\n<p>Powiedzia\u0142: \u201eZ wielkim sentymentem wspominam nasz\u0105 wizyt\u0119 we Francji w 2023 roku, kiedy to tak \u0142askawie nas Pan go\u015bci\u0142, Panie Prezydencie. Wiele si\u0119 w mi\u0119dzyczasie wydarzy\u0142o, a Francja i Wielka Brytania od tamtej pory s\u0105 sobie coraz bli\u017csze\u201d.<\/p>\n\n\n\n<p>\u201eW tym prze\u0142omowym momencie naszej wsp\u00f3lnej historii, Pa\u0144ska wizyta jest kolejn\u0105 okazj\u0105 do \u015bwi\u0119towania naszej g\u0142\u0119bokiej i trwa\u0142ej przyja\u017ani\u201d \u2013 oznajmi\u0142 Charles.<\/p>\n\n\n\n<figure class=\"wp-block-image\"><img decoding=\"async\" src=\"https:\/\/bunny-wp-pullzone-qbwibhia54.b-cdn.net\/wp-content\/uploads\/2025\/07\/king-charles.webp\" alt=\"\" class=\"wp-image-233461\"\/><\/figure>\n\n\n\n<p>W swoim d\u0142ugim przem\u00f3wieniu ojciec ksi\u0119cia Williama i Harry&#8217;ego podkre\u015bli\u0142 r\u00f3wnie\u017c histori\u0119 stosunk\u00f3w dyplomatycznych mi\u0119dzy Wielk\u0105 Brytani\u0105 i Francj\u0105, kt\u00f3re trwaj\u0105 od dziesi\u0119cioleci.<\/p>\n\n\n\n<figure class=\"wp-block-image\"><img decoding=\"async\" src=\"https:\/\/bunny-wp-pullzone-qbwibhia54.b-cdn.net\/wp-content\/uploads\/2025\/07\/BREAKING-NEW-67.jpg\" alt=\"\" class=\"wp-image-233466\"\/><\/figure>\n","protected":false},"excerpt":{"rendered":"Kr\u00f3l Karol III przerwa\u0142 milczenie kilka godzin po tym, jak jego nowy wygl\u0105d wywo\u0142a\u0142 wojn\u0119 o zdrowie. We wtorek, 8 lipca, 76-letni monarcha \n<a class=\"moretag\" href=\"https:\/\/story24.biz.ua\/?p=6254\"> [...]<\/a>","protected":false},"author":1,"featured_media":0,"comment_status":"open","ping_status":"open","sticky":false,"template":"","format":"standard","meta":{"footnotes":""},"categories":[1],"tags":[],"class_list":["post-6254","post","type-post","status-publish","format-standard","hentry","category-blog"],"_links":{"self":[{"href":"https:\/\/story24.biz.ua\/index.php?rest_route=\/wp\/v2\/posts\/6254","targetHints":{"allow":["GET"]}}],"collection":[{"href":"https:\/\/story24.biz.ua\/index.php?rest_route=\/wp\/v2\/posts"}],"about":[{"href":"https:\/\/story24.biz.ua\/index.php?rest_route=\/wp\/v2\/types\/post"}],"author":[{"embeddable":true,"href":"https:\/\/story24.biz.ua\/index.php?rest_route=\/wp\/v2\/users\/1"}],"replies":[{"embeddable":true,"href":"https:\/\/story24.biz.ua\/index.php?rest_route=%2Fwp%2Fv2%2Fcomments&post=6254"}],"version-history":[{"count":1,"href":"https:\/\/story24.biz.ua\/index.php?rest_route=\/wp\/v2\/posts\/6254\/revisions"}],"predecessor-version":[{"id":6255,"href":"https:\/\/story24.biz.ua\/index.php?rest_route=\/wp\/v2\/posts\/6254\/revisions\/6255"}],"wp:attachment":[{"href":"https:\/\/story24.biz.ua\/index.php?rest_route=%2Fwp%2Fv2%2Fmedia&parent=6254"}],"wp:term":[{"taxonomy":"category","embeddable":true,"href":"https:\/\/story24.biz.ua\/index.php?rest_route=%2Fwp%2Fv2%2Fcategories&post=6254"},{"taxonomy":"post_tag","embeddable":true,"href":"https:\/\/story24.biz.ua\/index.php?rest_route=%2Fwp%2Fv2%2Ftags&post=6254"}],"curies":[{"name":"wp","href":"https:\/\/api.w.org\/{rel}","templated":true}]}}