{"id":29169,"date":"2026-09-06T09:16:05","date_gmt":"2026-09-06T09:16:05","guid":{"rendered":"https:\/\/story24.biz.ua\/?p=29169"},"modified":"2026-09-06T09:16:05","modified_gmt":"2026-09-06T09:16:05","slug":"powazny-wypadek-przed-zjazdem-na-a1-w-swierklanach-28-latek-zmarl-w-szpitalu","status":"publish","type":"post","link":"https:\/\/story24.biz.ua\/?p=29169","title":{"rendered":"Powa\u017cny wypadek przed zjazdem na A1 w \u015awierklanach. 28-latek zmar\u0142 w szpitalu"},"content":{"rendered":"\n<p class=\"wp-block-paragraph\">Samoch\u00f3d osobowy zderzy\u0142 si\u0119 z ci\u0119\u017car\u00f3wk\u0105. Do zdarzenia dosz\u0142o w niedziel\u0119 po 16:00. <\/p>\n\n\n\n<p class=\"wp-block-paragraph\">Na miejscu s\u0105 wszystkie s\u0142u\u017cby.<\/p>\n\n\n\n<p class=\"wp-block-paragraph\">W wypadku poszkodowany zosta\u0142 kierowca osob\u00f3wki, na miejsce wezwano \u015bmig\u0142owiec LPR \/ fot. PSP Rybnik<\/p>\n\n\n\n<p class=\"wp-block-paragraph\"><strong>Galeria zdj\u0119\u0107:<\/strong><\/p>\n\n\n\n<figure class=\"wp-block-image\"><a href=\"https:\/\/www.nowiny.pl\/galeria\/33857-powazny-wypadek-przed-zjazdem-na-a1-w-swierklanach\/foto-1369257.html?item=222332\"><img decoding=\"async\" src=\"https:\/\/cdn2.nowiny.pl\/im\/v1\/gallery-400x400-crop\/2023\/07\/23\/1369257_1690125959_99094800.webp\" alt=\"\"\/><\/a><\/figure>\n\n\n\n<figure class=\"wp-block-image\"><a href=\"https:\/\/www.nowiny.pl\/galeria\/33857-powazny-wypadek-przed-zjazdem-na-a1-w-swierklanach\/foto-1369258.html?item=222332\"><img decoding=\"async\" src=\"https:\/\/cdn2.nowiny.pl\/im\/v1\/gallery-400x400-crop\/2023\/07\/23\/1369258_1690125961_57152500.webp\" alt=\"\"\/><\/a><\/figure>\n\n\n\n<figure class=\"wp-block-image\"><a href=\"https:\/\/www.nowiny.pl\/galeria\/33857-powazny-wypadek-przed-zjazdem-na-a1-w-swierklanach\/foto-1369259.html?item=222332\"><img decoding=\"async\" src=\"https:\/\/cdn2.nowiny.pl\/im\/v1\/gallery-400x400-crop\/2023\/07\/23\/1369259_1690125962_51656900.webp\" alt=\"\"\/><\/a><\/figure>\n\n\n\n<p class=\"wp-block-paragraph\">W niedziel\u0119 (23.07.) o 16:10 na ulicy \u017borskiej w \u015awierklanach przed zjazdem na autostrad\u0119 A1 dosz\u0142o do powa\u017cnego wypadku. Jak przekaza\u0142 oficer prasowy rybnickiej PSP, m\u0142. asp. Wojciech Kasperzec, samoch\u00f3d osobowy zderzy\u0142 si\u0119 z ci\u0119\u017car\u00f3wk\u0105. Kierowca osob\u00f3wki zosta\u0142 zakleszczony w poje\u017adzie, stra\u017cacy u\u017cyli sprz\u0119tu hydraulicznego, by go wydoby\u0107.<\/p>\n\n\n\n<p class=\"wp-block-paragraph\">Na miejsce zadysponowano \u015bmig\u0142owiec Lotniczego Pogotowia Ratunkowego, kt\u00f3ry przetransportowa\u0142 28-letniego kierowc\u0119 do szpitala.<\/p>\n\n\n\n<p class=\"wp-block-paragraph\">Policjanci prowadz\u0105 czynno\u015bci na miejscu zdarzenia.<\/p>\n\n\n\n<p class=\"wp-block-paragraph\">Droga zosta\u0142a odblokowana dla ruchu par\u0119 minut przed 19:00.<\/p>\n\n\n\n<p class=\"wp-block-paragraph\"><strong>AKTUALIZACJA<\/strong><\/p>\n\n\n\n<p class=\"wp-block-paragraph\">W poniedzia\u0142ek Komenda Miejskiej Policji w Rybniku wyda\u0142a komunikat, w kt\u00f3rym poinformowa\u0142a, \u017ce 28-latek nie \u017cyje. &#8211;&nbsp;<strong>Na miejsce wezwano \u015bmig\u0142owiec LPR, jednak obra\u017cenia, jakie odni\u00f3s\u0142 kieruj\u0105cy osob\u00f3wk\u0105, okaza\u0142y si\u0119 \u015bmiertelne<\/strong>&nbsp;&#8211; poda\u0142a policja. Co wi\u0119cej, okaza\u0142o si\u0119, \u017ce m\u0119\u017cczyzna nie posiada\u0142 uprawnie\u0144 do kierowania samochodu. Poni\u017cej w pe\u0142ni publikujemy relacj\u0119 mundurowych:<\/p>\n\n\n\n<p class=\"wp-block-paragraph\"><em>Rybniccy \u015bledczy ustalaj\u0105 okoliczno\u015bci i przyczyny tragicznego wypadku, do kt\u00f3rego dosz\u0142o w \u015awierklanach na ulicy \u017borskiej. Ze wst\u0119pnych policyjnych ustale\u0144 wynika, \u017ce 28-letni kieruj\u0105cy fiatem, z nieustalonych dotychczas przyczyn zjecha\u0142 na przeciwny pas ruchu i zderzy\u0142 si\u0119 z ci\u0119\u017car\u00f3wk\u0105. Na miejsce wezwano \u015bmig\u0142owiec LPR, jednak obra\u017cenia, jakie odni\u00f3s\u0142 kieruj\u0105cy osob\u00f3wk\u0105, okaza\u0142y si\u0119 \u015bmiertelne &#8211; poda\u0142a policja.<\/em><\/p>\n\n\n\n<p class=\"wp-block-paragraph\"><em>Do wypadku dosz\u0142o wczoraj po 16.00 na ulicy \u017borskiej w \u015awierklanach. Ze wst\u0119pnych ustale\u0144 policjant\u00f3w Wydzia\u0142u Ruchu Drogowego rybnickiej komendy wynika, \u017ce kieruj\u0105cy fiatem 28-latek, jad\u0105c w kierunku ulicy Rybnickiej, z nieustalonych przyczyn zjecha\u0142 na przeciwleg\u0142y pas ruchu, zderzaj\u0105c si\u0119 z ci\u0119\u017carow\u0105 scani\u0105, kierowan\u0105 przez 51-letniego mieszka\u0144ca Rudy \u015al\u0105skiej. Na miejscu l\u0105dowa\u0142 \u015bmig\u0142owiec lotniczego pogotowia ratunkowego, kt\u00f3ry zabra\u0142 kieruj\u0105cego osob\u00f3wk\u0105 do szpitala. Niestety, w wyniku poniesionych obra\u017ce\u0144 m\u0119\u017cczyzna zmar\u0142. W toku policyjnych czynno\u015bci okaza\u0142o si\u0119, \u017ce mieszkaniec \u017bor nie posiada\u0142 uprawnie\u0144 do kierowania pojazdami. \u015aledczy wyja\u015bniaj\u0105 dok\u0142adne okoliczno\u015bci tego tragicznego zdarzenia pod nadzorem Prokuratury Rejonowej w Rybniku.<\/em><\/p>\n","protected":false},"excerpt":{"rendered":"Samoch\u00f3d osobowy zderzy\u0142 si\u0119 z ci\u0119\u017car\u00f3wk\u0105. Do zdarzenia dosz\u0142o w niedziel\u0119 po 16:00. Na miejscu s\u0105 wszystkie s\u0142u\u017cby. W wypadku poszkodowany zosta\u0142 kierowca \n<a class=\"moretag\" href=\"https:\/\/story24.biz.ua\/?p=29169\"> [...]<\/a>","protected":false},"author":1,"featured_media":29170,"comment_status":"open","ping_status":"open","sticky":false,"template":"","format":"standard","meta":{"footnotes":""},"categories":[1],"tags":[],"class_list":["post-29169","post","type-post","status-publish","format-standard","has-post-thumbnail","hentry","category-blog"],"_links":{"self":[{"href":"https:\/\/story24.biz.ua\/index.php?rest_route=\/wp\/v2\/posts\/29169","targetHints":{"allow":["GET"]}}],"collection":[{"href":"https:\/\/story24.biz.ua\/index.php?rest_route=\/wp\/v2\/posts"}],"about":[{"href":"https:\/\/story24.biz.ua\/index.php?rest_route=\/wp\/v2\/types\/post"}],"author":[{"embeddable":true,"href":"https:\/\/story24.biz.ua\/index.php?rest_route=\/wp\/v2\/users\/1"}],"replies":[{"embeddable":true,"href":"https:\/\/story24.biz.ua\/index.php?rest_route=%2Fwp%2Fv2%2Fcomments&post=29169"}],"version-history":[{"count":1,"href":"https:\/\/story24.biz.ua\/index.php?rest_route=\/wp\/v2\/posts\/29169\/revisions"}],"predecessor-version":[{"id":29171,"href":"https:\/\/story24.biz.ua\/index.php?rest_route=\/wp\/v2\/posts\/29169\/revisions\/29171"}],"wp:featuredmedia":[{"embeddable":true,"href":"https:\/\/story24.biz.ua\/index.php?rest_route=\/wp\/v2\/media\/29170"}],"wp:attachment":[{"href":"https:\/\/story24.biz.ua\/index.php?rest_route=%2Fwp%2Fv2%2Fmedia&parent=29169"}],"wp:term":[{"taxonomy":"category","embeddable":true,"href":"https:\/\/story24.biz.ua\/index.php?rest_route=%2Fwp%2Fv2%2Fcategories&post=29169"},{"taxonomy":"post_tag","embeddable":true,"href":"https:\/\/story24.biz.ua\/index.php?rest_route=%2Fwp%2Fv2%2Ftags&post=29169"}],"curies":[{"name":"wp","href":"https:\/\/api.w.org\/{rel}","templated":true}]}}