{"id":29164,"date":"2026-09-06T08:46:22","date_gmt":"2026-09-06T08:46:22","guid":{"rendered":"https:\/\/story24.biz.ua\/?p=29164"},"modified":"2026-09-06T08:46:22","modified_gmt":"2026-09-06T08:46:22","slug":"cyril-feraud-laisse-en-larmes-en-evoquant-son-fils-tim-lanimateur-se-confie-pour-la-premiere-fois","status":"publish","type":"post","link":"https:\/\/story24.biz.ua\/?p=29164","title":{"rendered":"Cyril F\u00e9raud laisse en larmes en \u00e9voquant son fils Tim : l&#8217;animateur se confie pour la premi\u00e8re fois"},"content":{"rendered":"\n<p class=\"wp-block-paragraph\">Les larmes d&#8217;un p\u00e8re pour son enfant sont souvent les plus sinc\u00e8res. <\/p>\n\n\n\n<p class=\"wp-block-paragraph\">C&#8217;est ce qu&#8217;a v\u00e9cu Cyril F\u00e9raud, l&#8217;animateur bien-aim\u00e9 de France 2, lors de sa premi\u00e8re f\u00eate des p\u00e8res, un moment qu&#8217;il n&#8217;oubliera jamais.<\/p>\n\n\n\n<p class=\"wp-block-paragraph\">1\/12 Un animateur \u00e9mu pour sa premi\u00e8re f\u00eate des p\u00e8res<\/p>\n\n\n\n<p class=\"wp-block-paragraph\">Le dimanche 15 juin, sur le plateau de &#8216;Tout le monde veut prendre sa place&#8217;, Cyril F\u00e9raud a v\u00e9cu un moment d&#8217;\u00e9motion intense. <\/p>\n\n\n\n<p class=\"wp-block-paragraph\">L&#8217;animateur, devenu papa d&#8217;un petit gar\u00e7on pr\u00e9nomm\u00e9 Tim le 23 juillet 2024, c\u00e9l\u00e9brait sa premi\u00e8re f\u00eate des p\u00e8res. Ce jour sp\u00e9cial a \u00e9t\u00e9 marqu\u00e9 par un \u00e9v\u00e9nement \u00e9mouvant lorsque Jo\u00ebl, le champion de l&#8217;\u00e9mission, a re\u00e7u un message touchant de ses enfants, Adrien et In\u00e8s.<\/p>\n\n\n\n<figure class=\"wp-block-image is-resized\"><img decoding=\"async\" src=\"https:\/\/cdn.viepratique.fr\/wp-content\/uploads\/viepratique\/2025\/11\/un-animateur-emu-pour-sa-premiere-fete-des-peres-400x220.jpg\" alt=\"\" style=\"aspect-ratio:1.8181818181818181;width:800px;height:auto\"\/><\/figure>\n\n\n\n<p class=\"wp-block-paragraph\">2\/12 R\u00e9flexion \u00e9motive sur la premi\u00e8re f\u00eate des p\u00e8res<\/p>\n\n\n\n<p class=\"wp-block-paragraph\">Alors que Jo\u00ebl exprimait son amour pour son propre p\u00e8re, Cyril F\u00e9raud n&#8217;a pas pu retenir ses larmes. &#8216;Je pense \u00e0 mon petit bout de chou. C\u2019est ma premi\u00e8re f\u00eate des papas&#8217;, a-t-il d\u00e9clar\u00e9, avant de prendre Jo\u00ebl dans ses bras. L&#8217;animateur a partag\u00e9 sa sensibilit\u00e9 accrue depuis qu&#8217;il est devenu p\u00e8re, une transformation qui l&#8217;a profond\u00e9ment touch\u00e9.<\/p>\n\n\n\n<figure class=\"wp-block-image is-resized\"><img decoding=\"async\" src=\"https:\/\/cdn.viepratique.fr\/wp-content\/uploads\/viepratique\/2025\/11\/reflexion-emotive-sur-la-premiere-fete-des-peres-400x220.jpg\" alt=\"\" style=\"aspect-ratio:1.8181818181818181;width:800px;height:auto\"\/><\/figure>\n\n\n\n<p class=\"wp-block-paragraph\">3\/12 P\u00e2ques partag\u00e9 avec son fils sur les r\u00e9seaux sociaux<\/p>\n\n\n\n<p class=\"wp-block-paragraph\">Cyril F\u00e9raud n&#8217;est pas seulement un animateur talentueux, mais aussi un p\u00e8re d\u00e9vou\u00e9. Avant cette premi\u00e8re f\u00eate des p\u00e8res, il avait d\u00e9j\u00e0 c\u00e9l\u00e9br\u00e9 P\u00e2ques avec son fils Tim, un moment qu&#8217;il a immortalis\u00e9 sur Instagram. Ses abonn\u00e9s ont pu voir la main de Tim saisir un \u0153uf Kinder, une image qui a suscit\u00e9 de nombreux commentaires attendrissants.<\/p>\n\n\n\n<figure class=\"wp-block-image is-resized\"><img decoding=\"async\" src=\"https:\/\/cdn.viepratique.fr\/wp-content\/uploads\/viepratique\/2025\/11\/paques-partage-avec-son-fils-sur-les-reseaux-sociaux-400x220.jpg\" alt=\"\" style=\"aspect-ratio:1.8181818181818181;width:800px;height:auto\"\/><\/figure>\n\n\n\n<p class=\"wp-block-paragraph\">4\/12 \u00c9quilibre entre vie professionnelle et familiale<\/p>\n\n\n\n<p class=\"wp-block-paragraph\">Depuis l&#8217;arriv\u00e9e de Tim dans sa vie, Cyril F\u00e9raud jongle entre ses responsabilit\u00e9s professionnelles et sa vie de famille. L&#8217;animateur a am\u00e9nag\u00e9 une partie de sa loge pour son fils, lui permettant de passer du temps avec lui entre les tournages. &#8216;Aujourd&#8217;hui, ma priorit\u00e9, c&#8217;est mon fils&#8217;, confiait-il \u00e0 T\u00e9l\u00e9-Loisirs.<\/p>\n\n\n\n<figure class=\"wp-block-image is-resized\"><img decoding=\"async\" src=\"https:\/\/cdn.viepratique.fr\/wp-content\/uploads\/viepratique\/2025\/11\/equilibre-entre-vie-professionnelle-et-familiale-400x220.jpg\" alt=\"\" style=\"aspect-ratio:1.8181818181818181;width:800px;height:auto\"\/><\/figure>\n\n\n\n<p class=\"wp-block-paragraph\">5\/12 L&#8217;animateur plaisante sur sa chute et f\u00e9licite les autres<\/p>\n\n\n\n<p class=\"wp-block-paragraph\">Malgr\u00e9 sa notori\u00e9t\u00e9, Cyril F\u00e9raud reste discret sur sa vie priv\u00e9e. Il a choisi de ne pas montrer le visage de son fils ni de r\u00e9v\u00e9ler des d\u00e9tails sur sa vie personnelle. &#8216;Je tiens \u00e0 ma tranquillit\u00e9&#8217;, a-t-il affirm\u00e9, pr\u00e9f\u00e9rant garder un jardin secret pour pr\u00e9server son \u00e9quilibre.<\/p>\n\n\n\n<figure class=\"wp-block-image is-resized\"><img decoding=\"async\" src=\"https:\/\/cdn.viepratique.fr\/wp-content\/uploads\/viepratique\/2025\/11\/discretion-sur-la-vie-privee-400x220.jpg\" alt=\"\" style=\"aspect-ratio:1.8181818181818181;width:800px;height:auto\"\/><\/figure>\n\n\n\n<p class=\"wp-block-paragraph\">6\/12 Bonheur et \u00e9panouissement dans la vie priv\u00e9e<\/p>\n\n\n\n<p class=\"wp-block-paragraph\">Cyril F\u00e9raud est un homme combl\u00e9, et cela se ressent dans ses d\u00e9clarations. &#8216;Si mon fils est arriv\u00e9, c&#8217;est que je suis tr\u00e8s heureux dans ma vie priv\u00e9e&#8217;, a-t-il confi\u00e9. Tim est un gar\u00e7on d\u00e9sir\u00e9 et entour\u00e9 d&#8217;amour, et cela se refl\u00e8te dans la mani\u00e8re dont Cyril parle de lui.<\/p>\n\n\n\n<figure class=\"wp-block-image is-resized\"><img decoding=\"async\" src=\"https:\/\/cdn.viepratique.fr\/wp-content\/uploads\/viepratique\/2025\/11\/bonheur-et-epanouissement-dans-la-vie-privee-400x220.jpg\" alt=\"\" style=\"aspect-ratio:1.8181818181818181;width:800px;height:auto\"\/><\/figure>\n\n\n\n<p class=\"wp-block-paragraph\">7\/12 Tendresse et vuln\u00e9rabilit\u00e9 \u00e0 la f\u00eate des p\u00e8res<\/p>\n\n\n\n<p class=\"wp-block-paragraph\">La f\u00eate des p\u00e8res a \u00e9t\u00e9 l&#8217;occasion pour Cyril F\u00e9raud de partager un moment de tendresse et de vuln\u00e9rabilit\u00e9 avec son public. Ses larmes ont touch\u00e9 de nombreux t\u00e9l\u00e9spectateurs, t\u00e9moignant de l&#8217;amour profond qu&#8217;il porte \u00e0 son fils.<\/p>\n\n\n\n<figure class=\"wp-block-image is-resized\"><img decoding=\"async\" src=\"https:\/\/cdn.viepratique.fr\/wp-content\/uploads\/viepratique\/2025\/11\/tendresse-et-vulnerabilite-a-la-fete-des-peres-400x220.jpg\" alt=\"\" style=\"aspect-ratio:1.8181818181818181;width:800px;height:auto\"\/><\/figure>\n\n\n\n<p class=\"wp-block-paragraph\">8\/12 Une \u00e9tape importante dans la vie<\/p>\n\n\n\n<p class=\"wp-block-paragraph\">Cette premi\u00e8re f\u00eate des p\u00e8res marque une \u00e9tape importante dans la vie de Cyril F\u00e9raud. L&#8217;animateur, connu pour sa bonne humeur et son professionnalisme, a montr\u00e9 un aspect plus personnel et \u00e9mouvant de sa personnalit\u00e9.<\/p>\n\n\n\n<figure class=\"wp-block-image is-resized\"><img decoding=\"async\" src=\"https:\/\/cdn.viepratique.fr\/wp-content\/uploads\/viepratique\/2025\/11\/une-etape-importante-dans-la-vie-400x220.jpg\" alt=\"\" style=\"aspect-ratio:1.8181818181818181;width:800px;height:auto\"\/><\/figure>\n\n\n\n<p class=\"wp-block-paragraph\">9\/12 Conciliation de la carri\u00e8re et de la vie familiale<\/p>\n\n\n\n<p class=\"wp-block-paragraph\">Cyril F\u00e9raud a su concilier sa carri\u00e8re et sa vie de famille, un \u00e9quilibre qu&#8217;il a construit avec soin. Sa priorit\u00e9 est d\u00e9sormais de passer du temps de qualit\u00e9 avec Tim, tout en continuant \u00e0 captiver son public \u00e0 l&#8217;\u00e9cran.<\/p>\n\n\n\n<figure class=\"wp-block-image is-resized\"><img decoding=\"async\" src=\"https:\/\/cdn.viepratique.fr\/wp-content\/uploads\/viepratique\/2025\/11\/conciliation-de-la-carriere-et-de-la-vie-familiale-400x220.jpg\" alt=\"\" style=\"aspect-ratio:1.8181818181818181;width:800px;height:auto\"\/><\/figure>\n\n\n\n<p class=\"wp-block-paragraph\">10\/12 D\u00e9but du parcours de paternit\u00e9<\/p>\n\n\n\n<p class=\"wp-block-paragraph\">Le parcours de Cyril F\u00e9raud en tant que p\u00e8re ne fait que commencer, et il promet d&#8217;\u00eatre rempli de moments pr\u00e9cieux. L&#8217;animateur est d\u00e9termin\u00e9 \u00e0 offrir le meilleur \u00e0 son fils, tout en pr\u00e9servant l&#8217;intimit\u00e9 de sa vie familiale.<\/p>\n\n\n\n<figure class=\"wp-block-image is-resized\"><img decoding=\"async\" src=\"https:\/\/cdn.viepratique.fr\/wp-content\/uploads\/viepratique\/2025\/11\/debut-du-parcours-de-paternite-400x220.jpg\" alt=\"\" style=\"aspect-ratio:1.8181818181818181;width:800px;height:auto\"\/><\/figure>\n\n\n\n<p class=\"wp-block-paragraph\">11\/12 Amour inconditionnel entre p\u00e8re et fils<\/p>\n\n\n\n<p class=\"wp-block-paragraph\">La relation entre Cyril F\u00e9raud et son fils Tim est un exemple de l&#8217;amour inconditionnel qui unit un p\u00e8re \u00e0 son enfant. L&#8217;animateur continue de partager des moments sp\u00e9ciaux avec son fils, tout en gardant une part de myst\u00e8re autour de sa vie priv\u00e9e.<\/p>\n\n\n\n<figure class=\"wp-block-image is-resized\"><img decoding=\"async\" src=\"https:\/\/cdn.viepratique.fr\/wp-content\/uploads\/viepratique\/2025\/11\/amour-inconditionnel-entre-pere-et-fils-400x220.jpg\" alt=\"\" style=\"aspect-ratio:1.8181818181818181;width:800px;height:auto\"\/><\/figure>\n\n\n\n<p class=\"wp-block-paragraph\">12\/12 \u00c9motion authentique lors de la premi\u00e8re f\u00eate des p\u00e8res<\/p>\n\n\n\n<p class=\"wp-block-paragraph\">Cyril F\u00e9raud a prouv\u00e9 que m\u00eame les personnalit\u00e9s publiques peuvent vivre des moments d&#8217;\u00e9motion authentiques. Sa premi\u00e8re f\u00eate des p\u00e8res restera grav\u00e9e dans sa m\u00e9moire, un souvenir pr\u00e9cieux qu&#8217;il ch\u00e9rira pour toujours.<\/p>\n\n\n\n<figure class=\"wp-block-image is-resized\"><img decoding=\"async\" src=\"https:\/\/cdn.viepratique.fr\/wp-content\/uploads\/viepratique\/2025\/11\/emotion-authentique-lors-de-la-premiere-fete-des-peres-400x220.jpg\" alt=\"\" style=\"aspect-ratio:1.8181818181818181;width:800px;height:auto\"\/><\/figure>\n","protected":false},"excerpt":{"rendered":"Les larmes d&#8217;un p\u00e8re pour son enfant sont souvent les plus sinc\u00e8res. C&#8217;est ce qu&#8217;a v\u00e9cu Cyril F\u00e9raud, l&#8217;animateur bien-aim\u00e9 de France 2, \n<a class=\"moretag\" href=\"https:\/\/story24.biz.ua\/?p=29164\"> [...]<\/a>","protected":false},"author":1,"featured_media":0,"comment_status":"open","ping_status":"open","sticky":false,"template":"","format":"standard","meta":{"footnotes":""},"categories":[1],"tags":[],"class_list":["post-29164","post","type-post","status-publish","format-standard","hentry","category-blog"],"_links":{"self":[{"href":"https:\/\/story24.biz.ua\/index.php?rest_route=\/wp\/v2\/posts\/29164","targetHints":{"allow":["GET"]}}],"collection":[{"href":"https:\/\/story24.biz.ua\/index.php?rest_route=\/wp\/v2\/posts"}],"about":[{"href":"https:\/\/story24.biz.ua\/index.php?rest_route=\/wp\/v2\/types\/post"}],"author":[{"embeddable":true,"href":"https:\/\/story24.biz.ua\/index.php?rest_route=\/wp\/v2\/users\/1"}],"replies":[{"embeddable":true,"href":"https:\/\/story24.biz.ua\/index.php?rest_route=%2Fwp%2Fv2%2Fcomments&post=29164"}],"version-history":[{"count":1,"href":"https:\/\/story24.biz.ua\/index.php?rest_route=\/wp\/v2\/posts\/29164\/revisions"}],"predecessor-version":[{"id":29165,"href":"https:\/\/story24.biz.ua\/index.php?rest_route=\/wp\/v2\/posts\/29164\/revisions\/29165"}],"wp:attachment":[{"href":"https:\/\/story24.biz.ua\/index.php?rest_route=%2Fwp%2Fv2%2Fmedia&parent=29164"}],"wp:term":[{"taxonomy":"category","embeddable":true,"href":"https:\/\/story24.biz.ua\/index.php?rest_route=%2Fwp%2Fv2%2Fcategories&post=29164"},{"taxonomy":"post_tag","embeddable":true,"href":"https:\/\/story24.biz.ua\/index.php?rest_route=%2Fwp%2Fv2%2Ftags&post=29164"}],"curies":[{"name":"wp","href":"https:\/\/api.w.org\/{rel}","templated":true}]}}