{"id":29161,"date":"2026-09-06T08:41:41","date_gmt":"2026-09-06T08:41:41","guid":{"rendered":"https:\/\/story24.biz.ua\/?p=29161"},"modified":"2026-09-06T08:41:41","modified_gmt":"2026-09-06T08:41:41","slug":"malo-kto-pamieta-jak-dramatyczny-dzien-przezyl-radoslaw-sikorski-jeden-z-najbardziej-znanych-polskich-politykow-i-dyplomatow-%f0%9f%87%b5%f0%9f%87%b1","status":"publish","type":"post","link":"https:\/\/story24.biz.ua\/?p=29161","title":{"rendered":"Ma\u0142o\u00a0kto pami\u0119ta, jak\u00a0dramatyczny dzie\u0144\u00a0prze\u017cy\u0142 Rados\u0142aw\u00a0Sikorski \u2014 jeden z\u00a0najbardziej znanych\u00a0polskich polityk\u00f3w i\u00a0dyplomat\u00f3w. &#x1f1f5;&#x1f1f1;&#x1f494; To\u00a0by\u0142 moment, kt\u00f3ry\u00a0wstrz\u0105sn\u0105\u0142 ca\u0142\u0105\u00a0Polsk\u0105 i\u00a0pozostawi\u0142 blizn\u0119 w\u00a0jego sercu na zawsze."},"content":{"rendered":"\n<p class=\"wp-block-paragraph\">By\u0142\u00a010 kwietnia 2010\u00a0roku. <\/p>\n\n\n\n<p class=\"wp-block-paragraph\">Polska\u00a0delegacja z\u00a0prezydentem Lechem\u00a0Kaczy\u0144skim na czele\u00a0lecia\u0142a do Smole\u0144ska,\u00a0by uczci\u0107 pami\u0119\u0107\u00a0ponad 20 tysi\u0119cy\u00a0polskich oficer\u00f3w\u00a0zamordowanych przez\u00a0sowieck\u0105 policj\u0119 w\u00a01940 roku \u2014 ofiar\u00a0zbrodni katy\u0144skiej.\u00a0<\/p>\n\n\n\n<p class=\"wp-block-paragraph\">&#x1f54a;&#xfe0f; To mia\u0142a by\u0107\u00a0podr\u00f3\u017c pami\u0119ci i\u00a0ho\u0142du.<\/p>\n\n\n\n<p class=\"wp-block-paragraph\">Zamiast tego\u00a0wydarzy\u0142a si\u0119\u00a0tragedia, kt\u00f3ra\u00a0pogr\u0105\u017cy\u0142a w \u017ca\u0142obie\u00a0ca\u0142y nar\u00f3d. Samolot\u00a0rozbi\u0142 si\u0119 tu\u017c przed\u00a0l\u0105dowaniem. <\/p>\n\n\n\n<p class=\"wp-block-paragraph\">Zgin\u0119\u0142o\u00a096 os\u00f3b \u2014 prezydent\u00a0Lech Kaczy\u0144ski z\u00a0ma\u0142\u017conk\u0105,\u00a0genera\u0142owie,\u00a0parlamentarzy\u015bci,\u00a0duchowni i wysocy\u00a0urz\u0119dnicy pa\u0144stwowi.\u00a0Nikt nie prze\u017cy\u0142.\u00a0&#x1f622;<\/p>\n\n\n\n<p class=\"wp-block-paragraph\">Dla Sikorskiego,&nbsp;\u00f3wczesnego ministra&nbsp;spraw zagranicznych, ta katastrofa by\u0142a czym\u015b g\u0142\u0119boko osobistym. \u2014 To bardzo osobiste dla nas wszystkich \u2014 m\u00f3wi\u0142 z\u0142amany. W katastrofie straci\u0142 jednego ze swoich najbli\u017cszych wsp\u00f3\u0142pracownik\u00f3w, swojego zast\u0119pc\u0119, kt\u00f3ry polecia\u0142 na uroczysto\u015b\u0107 zamiast niego. &#x1f494;<\/p>\n\n\n\n<p class=\"wp-block-paragraph\">Straci\u0142 tak\u017ce szefa Protoko\u0142u Dyplomatycznego \u2014 cz\u0142owieka, kt\u00f3ry powinien by\u0142 organizowa\u0107 pogrzeb g\u0142owy pa\u0144stwa, a sam sta\u0142 si\u0119 jedn\u0105 z jego ofiar. W&nbsp;jednej chwili polskie&nbsp;pa\u0144stwo straci\u0142o&nbsp;dziesi\u0105tki swoich&nbsp;najwa\u017cniejszych&nbsp;ludzi. Sikorski m\u00f3wi\u0142&nbsp;wtedy o \u201eogromnej&nbsp;dziurze w polskim&nbsp;pa\u0144stwie&#8221;, kt\u00f3r\u0105&nbsp;zostawi\u0142a ta&nbsp;katastrofa.<\/p>\n\n\n\n<p class=\"wp-block-paragraph\">Wyobra\u017acie sobie ten&nbsp;ci\u0119\u017car. Musie\u0107&nbsp;pracowa\u0107, podejmowa\u0107&nbsp;decyzje i&nbsp;reprezentowa\u0107 kraj w&nbsp;chwili, gdy wok\u00f3\u0142&nbsp;panuje&nbsp;\u017ca\u0142oba, a wielu&nbsp;przyjaci\u00f3\u0142 i&nbsp;wsp\u00f3\u0142pracownik\u00f3w ju\u017c&nbsp;nie ma. &#x1f5a4; A jednak,&nbsp;mimo ogromnego b\u00f3lu,&nbsp;Sikorski podkre\u015bla\u0142,&nbsp;\u017ce polska konstytucja&nbsp;\u201ezda\u0142a egzamin&#8221;, a&nbsp;pa\u0144stwo&nbsp;mimo wszystko&nbsp;przetrwa\u0142o.<\/p>\n\n\n\n<p class=\"wp-block-paragraph\">Ta&nbsp;historia przypomina&nbsp;nam, \u017ce za&nbsp;polityk\u0105, garniturami&nbsp;i oficjalnymi&nbsp;wyst\u0105pieniami kryj\u0105&nbsp;si\u0119&nbsp;prawdziwe ludzkie&nbsp;dramaty. &#x1f499; Nawet&nbsp;najsilniejsi musz\u0105&nbsp;czasem d\u017awiga\u0107 ci\u0119\u017car&nbsp;straty, jednocze\u015bnie&nbsp;s\u0142u\u017c\u0105c&nbsp;innym. To prawdziwy&nbsp;test charakteru.<\/p>\n\n\n\n<p class=\"wp-block-paragraph\">A&nbsp;Ty pami\u0119tasz, gdzie&nbsp;by\u0142e\u015b, gdy dotar\u0142a do&nbsp;Ciebie wiadomo\u015b\u0107 o&nbsp;tej tragedii? &#x1f447;&nbsp;Napisz w komentarzu&nbsp;kilka s\u0142\u00f3w pami\u0119ci&nbsp;o ofiarach. &#x1f56f;&#xfe0f;<\/p>\n","protected":false},"excerpt":{"rendered":"By\u0142\u00a010 kwietnia 2010\u00a0roku. Polska\u00a0delegacja z\u00a0prezydentem Lechem\u00a0Kaczy\u0144skim na czele\u00a0lecia\u0142a do Smole\u0144ska,\u00a0by uczci\u0107 pami\u0119\u0107\u00a0ponad 20 tysi\u0119cy\u00a0polskich oficer\u00f3w\u00a0zamordowanych przez\u00a0sowieck\u0105 policj\u0119 w\u00a01940 roku \u2014 ofiar\u00a0zbrodni katy\u0144skiej.\u00a0 &#x1f54a;&#xfe0f; \n<a class=\"moretag\" href=\"https:\/\/story24.biz.ua\/?p=29161\"> [...]<\/a>","protected":false},"author":1,"featured_media":29162,"comment_status":"open","ping_status":"open","sticky":false,"template":"","format":"standard","meta":{"footnotes":""},"categories":[1],"tags":[],"class_list":["post-29161","post","type-post","status-publish","format-standard","has-post-thumbnail","hentry","category-blog"],"_links":{"self":[{"href":"https:\/\/story24.biz.ua\/index.php?rest_route=\/wp\/v2\/posts\/29161","targetHints":{"allow":["GET"]}}],"collection":[{"href":"https:\/\/story24.biz.ua\/index.php?rest_route=\/wp\/v2\/posts"}],"about":[{"href":"https:\/\/story24.biz.ua\/index.php?rest_route=\/wp\/v2\/types\/post"}],"author":[{"embeddable":true,"href":"https:\/\/story24.biz.ua\/index.php?rest_route=\/wp\/v2\/users\/1"}],"replies":[{"embeddable":true,"href":"https:\/\/story24.biz.ua\/index.php?rest_route=%2Fwp%2Fv2%2Fcomments&post=29161"}],"version-history":[{"count":1,"href":"https:\/\/story24.biz.ua\/index.php?rest_route=\/wp\/v2\/posts\/29161\/revisions"}],"predecessor-version":[{"id":29163,"href":"https:\/\/story24.biz.ua\/index.php?rest_route=\/wp\/v2\/posts\/29161\/revisions\/29163"}],"wp:featuredmedia":[{"embeddable":true,"href":"https:\/\/story24.biz.ua\/index.php?rest_route=\/wp\/v2\/media\/29162"}],"wp:attachment":[{"href":"https:\/\/story24.biz.ua\/index.php?rest_route=%2Fwp%2Fv2%2Fmedia&parent=29161"}],"wp:term":[{"taxonomy":"category","embeddable":true,"href":"https:\/\/story24.biz.ua\/index.php?rest_route=%2Fwp%2Fv2%2Fcategories&post=29161"},{"taxonomy":"post_tag","embeddable":true,"href":"https:\/\/story24.biz.ua\/index.php?rest_route=%2Fwp%2Fv2%2Ftags&post=29161"}],"curies":[{"name":"wp","href":"https:\/\/api.w.org\/{rel}","templated":true}]}}