{"id":29130,"date":"2026-09-05T18:49:15","date_gmt":"2026-09-05T18:49:15","guid":{"rendered":"https:\/\/story24.biz.ua\/?p=29130"},"modified":"2026-09-05T18:49:15","modified_gmt":"2026-09-05T18:49:15","slug":"mrozacy-krew-w-zylach-widok-dramatyczne-nagranie-upadku-zurawia-budowlanego-w-krakowie","status":"publish","type":"post","link":"https:\/\/story24.biz.ua\/?p=29130","title":{"rendered":"Mro\u017c\u0105cy krew w \u017cy\u0142ach widok. Dramatyczne nagranie upadku \u017curawia budowlanego w Krakowie"},"content":{"rendered":"\n<p class=\"wp-block-paragraph\">Pot\u0119\u017cny wiatr, wir zasycaj\u0105cy kolejne elementy placu budowlanego i w ko\u0144cu zawalenie si\u0119 wielkiego \u017curawia budowlanego \u2014 to mo\u017cna zobaczy\u0107 na wstrz\u0105saj\u0105cym nagraniu, jakie trafi\u0142o do sieci. <\/p>\n\n\n\n<p class=\"wp-block-paragraph\">Wida\u0107 na nim moment upadku pot\u0119\u017cnej konstrukcji. Zgin\u0119\u0142y dwie osoby. <\/p>\n\n\n\n<p class=\"wp-block-paragraph\">&#8220;Dane radarowe potwierdzaj\u0105 fakt, \u017ce za tragedi\u0119 odpowiada niewielka tr\u0105ba powietrzna&#8221; \u2014 pisz\u0105 \u0141owcy Burz, ale jak wynika z nieoficjalnych informacji, wcale nie zosta\u0142y wykluczone inne czynniki, kt\u00f3re mog\u0142y mie\u0107 wp\u0142yw na t\u0119 katastrof\u0119.<\/p>\n\n\n\n<p class=\"wp-block-paragraph\"><img loading=\"lazy\" decoding=\"async\" src=\"https:\/\/cdn.wiadomosci.onet.pl\/1\/8xrk9lBaHR0cHM6Ly9vY2RuLmV1L3B1bHNjbXMvTURBXy9hYTgwYWU5YTA2MDllMmUyZjYxMmViZTc1MDE1NDY5Yy5qcGeSlQMAzKvNFWDNDAaTBc0JYM0E7N4AAqEwB6ExBA\" srcset=\"https:\/\/cdn.wiadomosci.onet.pl\/1\/Ku5k9lBaHR0cHM6Ly9vY2RuLmV1L3B1bHNjbXMvTURBXy9hYTgwYWU5YTA2MDllMmUyZjYxMmViZTc1MDE1NDY5Yy5qcGeSlQMAzKvNFWDNDAaTBc0GzM0D0t4AAqEwB6ExBA 870w\" height=\"489\" width=\"870\" alt=\"Przewr\u00f3cony \u017curaw na placu budowy przy ul. Domaga\u0142y w Krakowie\"><\/p>\n\n\n\n<p class=\"wp-block-paragraph\">Lukasz Gagulski \/ PAP<\/p>\n\n\n\n<p class=\"wp-block-paragraph\">Przewr\u00f3cony \u017curaw na placu budowy przy ul. Domaga\u0142y w Krakowie<\/p>\n\n\n\n<ul class=\"wp-block-list\">\n<li>Najnowsze nagranie, kt\u00f3re trafi\u0142o do sieci, zosta\u0142o przeanalizowane przez \u0141owc\u00f3w Burz. Zwr\u00f3cili oni uwag\u0119 m.in. na &#8220;szybko przemieszczaj\u0105cy si\u0119 wir zasysaj\u0105cy porwane przedmioty do g\u00f3ry&#8221;<\/li>\n\n\n\n<li>O ile \u0141owcy Burz wskazuj\u0105 na wyst\u0105pienie tr\u0105by powietrznej jako przyczyn\u0119 zdarzenia, o tyle inne czynniki, kt\u00f3re mog\u0142y doprowadzi\u0107 do tej tragedii, nie zosta\u0142y wykluczone. Z nieoficjalnych \u017ar\u00f3de\u0142 wynika, \u017ce opr\u00f3cz pogody mog\u0142y to by\u0107 np. wady techniczne lub b\u0142\u0119dy ludzkie<\/li>\n\n\n\n<li>W ca\u0142ym kraju obowi\u0105zuje ostrze\u017cenie przed silnym wiatrem, w Ma\u0142opolsce do p\u00f3\u0142nocy obowi\u0105zuje alert pogodowy drugiego stopnia. Wed\u0142ug IMGW na terenie wojew\u00f3dztwa wiatr miejscami mo\u017ce przekracza\u0107 100 km na godz.<\/li>\n<\/ul>\n\n\n\n<p class=\"wp-block-paragraph\">W czwartek rano przy ul. Domaga\u0142y na os. Z\u0142ocie\u0144 w Krakowie wichura przewr\u00f3ci\u0142a 30-metrowego \u017curawia wie\u017cowego. Zgin\u0119\u0142o dw\u00f3ch m\u0119\u017cczyzn &#8211; 23- i 64-latek.<\/p>\n\n\n\n<h2 class=\"wp-block-heading\">Wstrz\u0105saj\u0105ce nagranie. &#8220;Niewielka tr\u0105ba powietrzna&#8221;<\/h2>\n\n\n\n<p class=\"wp-block-paragraph\">Pojawi\u0142o si\u0119 kolejne nagranie z tego zdarzenia, kt\u00f3re udost\u0119pnili i przeanalizowali \u0141owcy Burz.<\/p>\n\n\n\n<p class=\"wp-block-paragraph\">&#8220;W sieci pojawi\u0142y si\u0119 nagrania rzucaj\u0105ce nowe \u015bwiat\u0142o na zjawisko wiatrowe, kt\u00f3re doprowadzi\u0142o do wielkiej tragedii na jednej z krakowskich bud\u00f3w. Jedno z nich ukazuje bowiem do\u015b\u0107 szybko przemieszczaj\u0105cy si\u0119 wir zasysaj\u0105cy porwane przedmioty do g\u00f3ry. Nie ma wi\u0119c mowy o wyst\u0105pieniu zawirowania na skutek efekt\u00f3w aerodynamicznych zwi\u0105zanych z zabudowaniami&#8221; \u2013 napisali \u0141owcy Burz na Facebooku.<\/p>\n\n\n\n<p class=\"wp-block-paragraph\">&#8220;Dane radarowe potwierdzaj\u0105 fakt, \u017ce za tragedi\u0119 odpowiada niewielka tr\u0105ba powietrzna. W czasie obserwacji zjawiska nad po\u0142udniowo-wschodni\u0105 cz\u0119\u015bci\u0105 miasta przesz\u0142o mezozawirowanie, co widoczne jest na zobrazowaniach pr\u0119dko\u015bci radialnej ze stacji radarowych Ram\u017ca i Brzuchania. Ca\u0142e szcz\u0119\u015bcie, \u017ce skala zjawiska i jego si\u0142a by\u0142a niewielka. W przeciwnym wypadku w Krakowie mieliby\u015bmy o wiele wi\u0119ksze zniszczenia, a tak\u017ce wi\u0119ksz\u0105 liczb\u0119 os\u00f3b poszkodowanych i ofiar \u015bmiertelnych&#8221; &#8211; podkre\u015blaj\u0105 \u0141owcy Burz.<\/p>\n\n\n\n<h2 class=\"wp-block-heading\">Nieoficjalnie: przyczyn\u0105 m\u00f3g\u0142 by\u0107 nie tylko wiatr<\/h2>\n\n\n\n<p class=\"wp-block-paragraph\">O ile \u0141owcy Burz wskazuj\u0105 na wyst\u0105pienie tr\u0105by powietrznej, o tyle inne czynniki, kt\u00f3re mog\u0142y doprowadzi\u0107 do tej tragedii, nie zosta\u0142y wykluczone.<\/p>\n\n\n\n<p class=\"wp-block-paragraph\">Policjanci z prokuratorem, inspekcja budowlana i Pa\u0144stwowa Inspekcja Pracy badaj\u0105 okoliczno\u015bci tej katastrofy budowlanej. \u015aledczy przes\u0142uchali r\u00f3wnie\u017c \u015bwiadk\u00f3w.<\/p>\n\n\n\n<ul class=\"wp-block-list\">\n<li><a href=\"https:\/\/wiadomosci.onet.pl\/krakow\/krakow-wichura-zerwala-dach-biedronki-przy-ul-pollanki-nagranie\/bqhnds4\">Wichura zerwa\u0142a dach Biedronki w Krakowie [NAGRANIE]<\/a><\/li>\n<\/ul>\n\n\n\n<p class=\"wp-block-paragraph\">Z nieoficjalnych relacji \u015bwiadk\u00f3w wynika, \u017ce w miejscu, w kt\u00f3rym sta\u0142 d\u017awig, wiatr mia\u0142 wyj\u0105tkow\u0105 moc, o czym mog\u0142yby \u015bwiadczy\u0107 m.in. poszarpane styropiany w pobli\u017cu. Wida\u0107 to r\u00f3wnie\u017c na znajduj\u0105cym si\u0119 wy\u017cej nagraniu Z nieoficjalnych \u017ar\u00f3de\u0142 wynika tak\u017ce, \u017ce opr\u00f3cz pogody inne czynniki, np. wady techniczne, b\u0142\u0119dy ludzkie, mog\u0142y przyczyni\u0107 si\u0119 do katastrofy budowlanej, poniewa\u017c wiatr nie naruszy\u0142 innych podobnych konstrukcji w pobli\u017cu.<\/p>\n\n\n\n<h2 class=\"wp-block-heading\">O\u015bwiadczenie dewelopera<\/h2>\n\n\n\n<p class=\"wp-block-paragraph\">W zwi\u0105zku z alertami RCB, na wszystkich budowach Grupy Murapol w ca\u0142ej Polsce zosta\u0142y wy\u0142\u0105czone z pracy \u017curawie wie\u017cowe i wprowadzone w bezpieczny tzw. tryb wiatrowy \u2013 poinformowa\u0142 deweloper po wypadku \u017curawia budowlanego w Krakowie. W katastrofie zgin\u0119\u0142o dw\u00f3ch budowla\u0144c\u00f3w.<\/p>\n\n\n\n<p class=\"wp-block-paragraph\">W przes\u0142anym o\u015bwiadczeniu Grupa Murapol napisa\u0142a, \u017ce na budowie realizowanej przez t\u0119 firm\u0119 &#8220;dosz\u0142o do przewr\u00f3cenia si\u0119 \u017curawia wie\u017cowego w wyniku gwa\u0142townego porywu wiatru i towarzysz\u0105cych nag\u0142ych zjawisk pogodowych, pomimo i\u017c w zwi\u0105zku z alertami RCB, na wszystkich budowach Grupy Murapol w ca\u0142ej Polsce zosta\u0142y wy\u0142\u0105czone z pracy \u017curawie wie\u017cowe i wprowadzone w bezpieczny tzw. tryb wiatrowy&#8221;.<\/p>\n\n\n\n<p class=\"wp-block-paragraph\">Jak podkre\u015blono, w kabinie nie by\u0142o operatora maszyny. Osoby poszkodowane, w tym dwie ofiary \u015bmiertelne, to pracownicy firmy podwykonawczej przebywaj\u0105cy w tym czasie na terenie budowy. Deweloper zaznaczy\u0142, \u017ce dok\u0142ada wszelkich stara\u0144 i udost\u0119pni odpowiednim s\u0142u\u017cbom niezb\u0119dne informacje w celu wyja\u015bnienia przyczyn zaistnia\u0142ej sytuacji. R\u00f3wnocze\u015bnie grupa z\u0142o\u017cy\u0142a kondolencje rodzinom os\u00f3b, kt\u00f3re zgin\u0119\u0142y.<\/p>\n\n\n\n<h2 class=\"wp-block-heading\">Kontrole d\u017awig\u00f3w na budowach po wypadku w Krakowie<\/h2>\n\n\n\n<p class=\"wp-block-paragraph\">Po wypadku<a href=\"https:\/\/wiadomosci.onet.pl\/krakow\/krakow-wichura-przewrocila-dzwig-po-smierci-dwoch-osob-wojewoda-zlecil-kontrole\/fhszrd0\">&nbsp;wojewoda ma\u0142opolski \u0141ukasz Kmita poleci\u0142 inspekcji budowlanej przeprowadzenie w trybie pilnym kontroli&nbsp;<\/a>d\u017awig\u00f3w i \u017curawi na budowach w ca\u0142ym regionie.<\/p>\n\n\n\n<p class=\"wp-block-paragraph\">\u2014 Pierwsze zespo\u0142y kontrolne ju\u017c przyst\u0105pi\u0142y do czynno\u015bci. Wyniki kontroli zostan\u0105 om\u00f3wione po ich zako\u0144czeniu \u2014 poinformowa\u0142a PAP rzeczniczka prasowa wojewody Joanna Pa\u017adzio.<\/p>\n\n\n\n<h2 class=\"wp-block-heading\">Pot\u0119\u017cne wichury w Ma\u0142opolsce<\/h2>\n\n\n\n<p class=\"wp-block-paragraph\">W ca\u0142ym kraju obowi\u0105zuje ostrze\u017cenie przed silnym wiatrem, w Ma\u0142opolsce do p\u00f3\u0142nocy obowi\u0105zuje alert pogodowy drugiego stopnia. Wed\u0142ug IMGW na terenie wojew\u00f3dztwa wiatr miejscami mo\u017ce przekracza\u0107 100 km na godz.<\/p>\n\n\n\n<p class=\"wp-block-paragraph\">Stra\u017c otrzymuje coraz wi\u0119cej zg\u0142osze\u0144, od rana przyj\u0119\u0142a ich ok. 300. Najwi\u0119cej szk\u00f3d wichura spowodowa\u0142a w powiatach: limanowskim, krakowskim i o\u015bwi\u0119cimskim. \u2014 W Piotrowicach w powiecie o\u015bwi\u0119cimskim wiatr zerwa\u0142 po\u0142ow\u0119 dachu przyszkolnej sali gimnastycznej. \u0141\u0105cznie w wojew\u00f3dztwie uszkodzone s\u0105 32 dachy, pi\u0119\u0107 zerwanych \u2014 to g\u0142\u00f3wnie szkody przy budynkach gospodarczych lub gara\u017cach o konstrukcji blaszanej \u2014 powiedzia\u0142 rzecznik prasowy ma\u0142opolskiej PSP Sebastian Wo\u017aniak.<\/p>\n","protected":false},"excerpt":{"rendered":"Pot\u0119\u017cny wiatr, wir zasycaj\u0105cy kolejne elementy placu budowlanego i w ko\u0144cu zawalenie si\u0119 wielkiego \u017curawia budowlanego \u2014 to mo\u017cna zobaczy\u0107 na wstrz\u0105saj\u0105cym nagraniu, \n<a class=\"moretag\" href=\"https:\/\/story24.biz.ua\/?p=29130\"> [...]<\/a>","protected":false},"author":1,"featured_media":29131,"comment_status":"open","ping_status":"open","sticky":false,"template":"","format":"standard","meta":{"footnotes":""},"categories":[1],"tags":[],"class_list":["post-29130","post","type-post","status-publish","format-standard","has-post-thumbnail","hentry","category-blog"],"_links":{"self":[{"href":"https:\/\/story24.biz.ua\/index.php?rest_route=\/wp\/v2\/posts\/29130","targetHints":{"allow":["GET"]}}],"collection":[{"href":"https:\/\/story24.biz.ua\/index.php?rest_route=\/wp\/v2\/posts"}],"about":[{"href":"https:\/\/story24.biz.ua\/index.php?rest_route=\/wp\/v2\/types\/post"}],"author":[{"embeddable":true,"href":"https:\/\/story24.biz.ua\/index.php?rest_route=\/wp\/v2\/users\/1"}],"replies":[{"embeddable":true,"href":"https:\/\/story24.biz.ua\/index.php?rest_route=%2Fwp%2Fv2%2Fcomments&post=29130"}],"version-history":[{"count":1,"href":"https:\/\/story24.biz.ua\/index.php?rest_route=\/wp\/v2\/posts\/29130\/revisions"}],"predecessor-version":[{"id":29132,"href":"https:\/\/story24.biz.ua\/index.php?rest_route=\/wp\/v2\/posts\/29130\/revisions\/29132"}],"wp:featuredmedia":[{"embeddable":true,"href":"https:\/\/story24.biz.ua\/index.php?rest_route=\/wp\/v2\/media\/29131"}],"wp:attachment":[{"href":"https:\/\/story24.biz.ua\/index.php?rest_route=%2Fwp%2Fv2%2Fmedia&parent=29130"}],"wp:term":[{"taxonomy":"category","embeddable":true,"href":"https:\/\/story24.biz.ua\/index.php?rest_route=%2Fwp%2Fv2%2Fcategories&post=29130"},{"taxonomy":"post_tag","embeddable":true,"href":"https:\/\/story24.biz.ua\/index.php?rest_route=%2Fwp%2Fv2%2Ftags&post=29130"}],"curies":[{"name":"wp","href":"https:\/\/api.w.org\/{rel}","templated":true}]}}