{"id":29091,"date":"2026-09-05T08:29:14","date_gmt":"2026-09-05T08:29:14","guid":{"rendered":"https:\/\/story24.biz.ua\/?p=29091"},"modified":"2026-09-05T08:29:14","modified_gmt":"2026-09-05T08:29:14","slug":"funerailles-de-charles-iii-apres-lannonce-du-drame-voici-ce-quil-est-prevu","status":"publish","type":"post","link":"https:\/\/story24.biz.ua\/?p=29091","title":{"rendered":"Fun\u00e9railles de Charles III : apr\u00e8s l&#8217;annonce du drame, voici ce qu&#8217;il est pr\u00e9vu"},"content":{"rendered":"\n<p class=\"wp-block-paragraph\">Les fun\u00e9railles de Charles III sont d\u00e9j\u00e0 soigneusement orchestr\u00e9es, et contre toute attente, le roi a d\u00e9cid\u00e9 d&#8217;y inclure le prince Harry et Meghan Markle. <\/p>\n\n\n\n<p class=\"wp-block-paragraph\">Ce geste symbolique pourrait marquer un tournant dans les relations tendues entre le souverain et le couple Sussex.<\/p>\n\n\n\n<p class=\"wp-block-paragraph\">1\/12 Charles III planifie ses fun\u00e9railles avec Harry et Meghan<\/p>\n\n\n\n<p class=\"wp-block-paragraph\">Dans un geste surprenant, Charles III a pris l&#8217;initiative de planifier ses propres fun\u00e9railles, int\u00e9grant un r\u00f4le central pour le prince Harry et Meghan Markle. <\/p>\n\n\n\n<p class=\"wp-block-paragraph\">Ce choix inattendu intervient alors que les rumeurs de r\u00e9conciliation entre le roi et son fils cadet se multiplient. Le roi esp\u00e8re sinc\u00e8rement renouer avec Harry et \u00e9tablir une relation avec ses petits-enfants, Archie et Lilibet, r\u00e9sidant en Californie. Cette d\u00e9cision pourrait \u00eatre un signe fort de rapprochement, malgr\u00e9 les tensions pass\u00e9es.<\/p>\n\n\n\n<figure class=\"wp-block-image is-resized\"><img decoding=\"async\" src=\"https:\/\/cdn.viepratique.fr\/wp-content\/uploads\/viepratique\/2026\/05\/charles-iii-planifie-ses-funerailles-avec-harry-et-meghan-400x220.jpg\" alt=\"\" style=\"aspect-ratio:1.8181818181818181;width:800px;height:auto\"\/><\/figure>\n\n\n\n<p class=\"wp-block-paragraph\">2\/12<\/p>\n\n\n\n<p class=\"wp-block-paragraph\">Les fun\u00e9railles du roi Charles III, bien que non encore d&#8217;actualit\u00e9, sont d\u00e9j\u00e0 minutieusement pr\u00e9par\u00e9es. Selon les traditions de la monarchie britannique, un protocole pr\u00e9cis a \u00e9t\u00e9 mis en place pour anticiper chaque \u00e9tape suivant l&#8217;annonce du d\u00e9c\u00e8s du souverain. Charles III aurait lui-m\u00eame particip\u00e9 \u00e0 certains choix concernant l&#8217;organisation de cette p\u00e9riode sensible pour la famille royale. Parmi ces choix, l&#8217;inclusion de Harry et Meghan dans le protocole attire particuli\u00e8rement l&#8217;attention.<\/p>\n\n\n\n<figure class=\"wp-block-image is-resized\"><img decoding=\"async\" src=\"https:\/\/cdn.viepratique.fr\/wp-content\/uploads\/viepratique\/2026\/05\/plans-funeraires-detailles-selon-la-tradition-britannique-400x220.jpg\" alt=\"\" style=\"aspect-ratio:1.8181818181818181;width:800px;height:auto\"\/><\/figure>\n\n\n\n<p class=\"wp-block-paragraph\">3\/12 Harry et Meghan inclus dans les processions fun\u00e9raires<\/p>\n\n\n\n<p class=\"wp-block-paragraph\">Le prince Harry est pr\u00e9vu pour marcher aux c\u00f4t\u00e9s de son fr\u00e8re, le prince William, lors des processions dans les rues de Londres. Meghan Markle, quant \u00e0 elle, est invit\u00e9e \u00e0 participer aux c\u00e9r\u00e9monies officielles aux c\u00f4t\u00e9s des membres de la famille royale. Cette int\u00e9gration des Sussex dans les fun\u00e9railles de Charles III pourrait \u00eatre vue comme un geste de r\u00e9conciliation, malgr\u00e9 les tensions qui ont marqu\u00e9 leurs relations avec la monarchie ces derni\u00e8res ann\u00e9es.<\/p>\n\n\n\n<figure class=\"wp-block-image is-resized\"><img decoding=\"async\" src=\"https:\/\/cdn.viepratique.fr\/wp-content\/uploads\/viepratique\/2026\/05\/harry-et-meghan-inclus-dans-les-processions-funeraires-400x220.jpg\" alt=\"\" style=\"aspect-ratio:1.8181818181818181;width:800px;height:auto\"\/><\/figure>\n\n\n\n<p class=\"wp-block-paragraph\">4\/12 Archie et Lilibet inclus dans les plans fun\u00e9raires<\/p>\n\n\n\n<p class=\"wp-block-paragraph\">Les enfants de Harry et Meghan, Archie et Lilibet, sont \u00e9galement inclus dans les plans. Ils pourraient assister \u00e0 plusieurs moments importants, notamment \u00e0 l&#8217;abbaye de Westminster et \u00e0 la chapelle Saint-Georges de Windsor. Cela montre une volont\u00e9 de Charles III d&#8217;int\u00e9grer pleinement la famille Sussex dans cet \u00e9v\u00e9nement majeur, renfor\u00e7ant ainsi les liens familiaux.<\/p>\n\n\n\n<figure class=\"wp-block-image is-resized\"><img decoding=\"async\" src=\"https:\/\/cdn.viepratique.fr\/wp-content\/uploads\/viepratique\/2026\/05\/archie-et-lilibet-inclus-dans-les-plans-funeraires-400x220.jpg\" alt=\"\" style=\"aspect-ratio:1.8181818181818181;width:800px;height:auto\"\/><\/figure>\n\n\n\n<p class=\"wp-block-paragraph\">5\/12 Fun\u00e9railles durables refl\u00e9tant l&#8217;engagement environnemental<\/p>\n\n\n\n<p class=\"wp-block-paragraph\">En plus de l&#8217;int\u00e9gration des Sussex, Charles III souhaite que ses fun\u00e9railles refl\u00e8tent son engagement en faveur de l&#8217;environnement. Des \u00e9l\u00e9ments durables seront int\u00e9gr\u00e9s dans l&#8217;organisation, dans la mesure du possible. Ce choix souligne l&#8217;importance que le roi accorde aux questions environnementales, m\u00eame dans un moment aussi solennel.<\/p>\n\n\n\n<figure class=\"wp-block-image is-resized\"><img decoding=\"async\" src=\"https:\/\/cdn.viepratique.fr\/wp-content\/uploads\/viepratique\/2026\/05\/funerailles-durables-refletant-lengagement-environnemental-400x220.jpg\" alt=\"\" style=\"aspect-ratio:1.8181818181818181;width:800px;height:auto\"\/><\/figure>\n\n\n\n<p class=\"wp-block-paragraph\">6\/12 P\u00e9riode de deuil royal raccourcie<\/p>\n\n\n\n<p class=\"wp-block-paragraph\">Un autre changement notable concerne la p\u00e9riode de deuil royal, qui sera plus courte que celle observ\u00e9e apr\u00e8s le d\u00e9c\u00e8s de la reine Elizabeth II. Le deuil officiel commencera imm\u00e9diatement apr\u00e8s l&#8217;annonce du d\u00e9c\u00e8s et s&#8217;ach\u00e8vera le jour des fun\u00e9railles, environ dix ou onze jours plus tard. Cette d\u00e9cision montre une volont\u00e9 d&#8217;adapter les traditions aux temps modernes.<\/p>\n\n\n\n<figure class=\"wp-block-image is-resized\"><img decoding=\"async\" src=\"https:\/\/cdn.viepratique.fr\/wp-content\/uploads\/viepratique\/2026\/05\/periode-de-deuil-royal-raccourcie-400x220.jpg\" alt=\"\" style=\"aspect-ratio:1.8181818181818181;width:800px;height:auto\"\/><\/figure>\n\n\n\n<p class=\"wp-block-paragraph\">7\/12 Transfert du cercueil sans le train royal<\/p>\n\n\n\n<p class=\"wp-block-paragraph\">Comme pour chaque souverain britannique, plusieurs sc\u00e9narios ont \u00e9t\u00e9 envisag\u00e9s selon le lieu o\u00f9 surviendrait le d\u00e9c\u00e8s du roi. Des dispositifs pr\u00e9cis existent pour organiser rapidement le transfert du cercueil vers Buckingham Palace depuis chacune des r\u00e9sidences royales. Le train royal, autrefois envisag\u00e9, ne fait plus partie des plans officiels, ce qui montre une adaptation des protocoles aux n\u00e9cessit\u00e9s actuelles.<\/p>\n\n\n\n<figure class=\"wp-block-image is-resized\"><img decoding=\"async\" src=\"https:\/\/cdn.viepratique.fr\/wp-content\/uploads\/viepratique\/2026\/05\/transfert-du-cercueil-sans-le-train-royal-400x220.jpg\" alt=\"\" style=\"aspect-ratio:1.8181818181818181;width:800px;height:auto\"\/><\/figure>\n\n\n\n<p class=\"wp-block-paragraph\">8\/12 Transfert du cercueil par avion<\/p>\n\n\n\n<p class=\"wp-block-paragraph\">Lors du d\u00e9c\u00e8s de la reine Elizabeth II, son cercueil avait \u00e9t\u00e9 transf\u00e9r\u00e9 par avion jusqu&#8217;\u00e0 Londres sous escorte royale. Ce pr\u00e9c\u00e9dent a probablement influenc\u00e9 la d\u00e9cision de ne plus utiliser le train royal pour le transfert du cercueil de Charles III. Cette logistique d\u00e9montre une pr\u00e9paration minutieuse pour cet \u00e9v\u00e9nement symbolique.<\/p>\n\n\n\n<figure class=\"wp-block-image is-resized\"><img decoding=\"async\" src=\"https:\/\/cdn.viepratique.fr\/wp-content\/uploads\/viepratique\/2026\/05\/transfert-du-cercueil-par-avion-400x220.jpg\" alt=\"\" style=\"aspect-ratio:1.8181818181818181;width:800px;height:auto\"\/><\/figure>\n\n\n\n<p class=\"wp-block-paragraph\">9\/12 Pr\u00e9paratifs m\u00e9ticuleux pour les fun\u00e9railles de Charles III<\/p>\n\n\n\n<p class=\"wp-block-paragraph\">En coulisses, la monarchie britannique continue de pr\u00e9parer avec pr\u00e9cision l&#8217;un des \u00e9v\u00e9nements les plus importants de son histoire. Chaque d\u00e9tail est soigneusement planifi\u00e9 pour assurer le bon d\u00e9roulement des fun\u00e9railles de Charles III. Cette anticipation t\u00e9moigne de l&#8217;importance accord\u00e9e \u00e0 cet \u00e9v\u00e9nement par la famille royale.<\/p>\n\n\n\n<figure class=\"wp-block-image is-resized\"><img decoding=\"async\" src=\"https:\/\/cdn.viepratique.fr\/wp-content\/uploads\/viepratique\/2026\/05\/preparatifs-meticuleux-pour-les-funerailles-de-charles-iii-400x220.jpg\" alt=\"\" style=\"aspect-ratio:1.8181818181818181;width:800px;height:auto\"\/><\/figure>\n\n\n\n<p class=\"wp-block-paragraph\">10\/12 Fun\u00e9railles symboliques pour le Royaume-Uni et le Commonwealth<\/p>\n\n\n\n<p class=\"wp-block-paragraph\">Les fun\u00e9railles de Charles III sont non seulement un \u00e9v\u00e9nement personnel pour la famille royale, mais aussi un moment symbolique pour le Royaume-Uni et le Commonwealth. L&#8217;int\u00e9gration de Harry et Meghan dans le protocole pourrait avoir des r\u00e9percussions sur l&#8217;image de la monarchie et sur les relations familiales. Ce geste pourrait \u00eatre per\u00e7u comme un signe d&#8217;ouverture et de modernit\u00e9.<\/p>\n\n\n\n<figure class=\"wp-block-image is-resized\"><img decoding=\"async\" src=\"https:\/\/cdn.viepratique.fr\/wp-content\/uploads\/viepratique\/2026\/05\/funerailles-symboliques-pour-le-royaume-uni-et-le-commonwealth-400x220.jpg\" alt=\"\" style=\"aspect-ratio:1.8181818181818181;width:800px;height:auto\"\/><\/figure>\n\n\n\n<p class=\"wp-block-paragraph\">11\/12 H\u00e9ritage de Charles III refl\u00e9tant ses valeurs personnelles<\/p>\n\n\n\n<p class=\"wp-block-paragraph\">Le roi Charles III semble d\u00e9termin\u00e9 \u00e0 laisser un h\u00e9ritage qui refl\u00e8te ses valeurs personnelles, notamment en mati\u00e8re d&#8217;environnement et de relations familiales. En int\u00e9grant des \u00e9l\u00e9ments durables et en incluant le couple Sussex, il montre une volont\u00e9 de moderniser la monarchie tout en respectant les traditions. Cette approche pourrait influencer la perception de la monarchie dans les ann\u00e9es \u00e0 venir.<\/p>\n\n\n\n<figure class=\"wp-block-image is-resized\"><img decoding=\"async\" src=\"https:\/\/cdn.viepratique.fr\/wp-content\/uploads\/viepratique\/2026\/05\/heritage-de-charles-iii-refletant-ses-valeurs-personnelles-400x220.jpg\" alt=\"\" style=\"aspect-ratio:1.8181818181818181;width:800px;height:auto\"\/><\/figure>\n\n\n\n<p class=\"wp-block-paragraph\">12\/12 R\u00e9flexion sur le r\u00e8gne et l&#8217;avenir de la monarchie britannique<\/p>\n\n\n\n<p class=\"wp-block-paragraph\">En fin de compte, les fun\u00e9railles de Charles III seront un moment de r\u00e9flexion sur son r\u00e8gne et sur l&#8217;avenir de la monarchie britannique. Les choix qu&#8217;il a faits pour cet \u00e9v\u00e9nement montrent une volont\u00e9 de r\u00e9conciliation et de modernisation, qui pourraient avoir un impact durable sur la famille royale et sur le public.<\/p>\n\n\n\n<figure class=\"wp-block-image is-resized\"><img decoding=\"async\" src=\"https:\/\/cdn.viepratique.fr\/wp-content\/uploads\/viepratique\/2026\/05\/reflexion-sur-le-regne-et-lavenir-de-la-monarchie-britannique-400x220.jpg\" alt=\"\" style=\"aspect-ratio:1.8181818181818181;width:800px;height:auto\"\/><\/figure>\n","protected":false},"excerpt":{"rendered":"Les fun\u00e9railles de Charles III sont d\u00e9j\u00e0 soigneusement orchestr\u00e9es, et contre toute attente, le roi a d\u00e9cid\u00e9 d&#8217;y inclure le prince Harry et \n<a class=\"moretag\" href=\"https:\/\/story24.biz.ua\/?p=29091\"> [...]<\/a>","protected":false},"author":1,"featured_media":0,"comment_status":"open","ping_status":"open","sticky":false,"template":"","format":"standard","meta":{"footnotes":""},"categories":[1],"tags":[],"class_list":["post-29091","post","type-post","status-publish","format-standard","hentry","category-blog"],"_links":{"self":[{"href":"https:\/\/story24.biz.ua\/index.php?rest_route=\/wp\/v2\/posts\/29091","targetHints":{"allow":["GET"]}}],"collection":[{"href":"https:\/\/story24.biz.ua\/index.php?rest_route=\/wp\/v2\/posts"}],"about":[{"href":"https:\/\/story24.biz.ua\/index.php?rest_route=\/wp\/v2\/types\/post"}],"author":[{"embeddable":true,"href":"https:\/\/story24.biz.ua\/index.php?rest_route=\/wp\/v2\/users\/1"}],"replies":[{"embeddable":true,"href":"https:\/\/story24.biz.ua\/index.php?rest_route=%2Fwp%2Fv2%2Fcomments&post=29091"}],"version-history":[{"count":1,"href":"https:\/\/story24.biz.ua\/index.php?rest_route=\/wp\/v2\/posts\/29091\/revisions"}],"predecessor-version":[{"id":29092,"href":"https:\/\/story24.biz.ua\/index.php?rest_route=\/wp\/v2\/posts\/29091\/revisions\/29092"}],"wp:attachment":[{"href":"https:\/\/story24.biz.ua\/index.php?rest_route=%2Fwp%2Fv2%2Fmedia&parent=29091"}],"wp:term":[{"taxonomy":"category","embeddable":true,"href":"https:\/\/story24.biz.ua\/index.php?rest_route=%2Fwp%2Fv2%2Fcategories&post=29091"},{"taxonomy":"post_tag","embeddable":true,"href":"https:\/\/story24.biz.ua\/index.php?rest_route=%2Fwp%2Fv2%2Ftags&post=29091"}],"curies":[{"name":"wp","href":"https:\/\/api.w.org\/{rel}","templated":true}]}}