{"id":29089,"date":"2026-09-05T08:27:46","date_gmt":"2026-09-05T08:27:46","guid":{"rendered":"https:\/\/story24.biz.ua\/?p=29089"},"modified":"2026-09-05T08:27:46","modified_gmt":"2026-09-05T08:27:46","slug":"je-regrette-les-revelations-terribles-de-frederic-francois-sur-ses-enfants","status":"publish","type":"post","link":"https:\/\/story24.biz.ua\/?p=29089","title":{"rendered":"\u201cJe regrette\u201d : les r\u00e9v\u00e9lations terribles de Fr\u00e9d\u00e9ric Fran\u00e7ois sur ses enfants"},"content":{"rendered":"\n<p class=\"wp-block-paragraph\">Fr\u00e9d\u00e9ric Fran\u00e7ois, l&#8217;ic\u00f4ne de la chanson romantique, a r\u00e9cemment ouvert son c\u0153ur sur Canal+ en partageant ses profonds regrets concernant le temps sacrifi\u00e9 avec ses enfants pour sa carri\u00e8re musicale.<\/p>\n\n\n\n<p class=\"wp-block-paragraph\">1\/12 Un chanteur partage ses regrets familiaux \u00e0 la t\u00e9l\u00e9vision<\/p>\n\n\n\n<p class=\"wp-block-paragraph\">Fr\u00e9d\u00e9ric Fran\u00e7ois, le c\u00e9l\u00e8bre chanteur italo-belge, a captiv\u00e9 les c\u0153urs avec ses m\u00e9lodies romantiques, mais c&#8217;est un autre aspect de sa vie qui a r\u00e9cemment retenu l&#8217;attention. <\/p>\n\n\n\n<p class=\"wp-block-paragraph\">Invit\u00e9 sur Canal+ le 3 juin 2025, il a livr\u00e9 des confidences rares et \u00e9mouvantes sur sa relation avec ses enfants, r\u00e9v\u00e9lant des regrets qui l&#8217;habitent depuis longtemps. <\/p>\n\n\n\n<p class=\"wp-block-paragraph\">\u00c0 75 ans, Fr\u00e9d\u00e9ric Fran\u00e7ois continue de se produire sur sc\u00e8ne, mais c&#8217;est avec une certaine nostalgie qu&#8217;il \u00e9voque les moments qu&#8217;il aurait aim\u00e9 partager davantage avec sa famille.<\/p>\n\n\n\n<figure class=\"wp-block-image is-resized\"><img decoding=\"async\" src=\"https:\/\/cdn.viepratique.fr\/wp-content\/uploads\/viepratique\/2025\/10\/un-chanteur-partage-ses-regrets-familiaux-a-la-television-400x220.jpg\" alt=\"\" style=\"aspect-ratio:1.8181818181818181;width:800px;height:auto\"\/><\/figure>\n\n\n\n<p class=\"wp-block-paragraph\">2\/12 Un chanteur loue le soutien de sa femme pour la gestion familiale<\/p>\n\n\n\n<p class=\"wp-block-paragraph\">Mari\u00e9 depuis 55 ans \u00e0 Monique Vercauteren, Fr\u00e9d\u00e9ric Fran\u00e7ois est p\u00e8re de quatre enfants : Gloria, Vincent, Anthony, et la petite derni\u00e8re, Victoria. Dans l&#8217;\u00e9mission En Apart\u00e9 sur Canal+, il a exprim\u00e9 sa gratitude envers sa femme, qu&#8217;il d\u00e9crit comme le &#8216;capitaine \u00e0 bord&#8217;, g\u00e9rant la maison et les enfants pendant qu&#8217;il poursuivait sa carri\u00e8re musicale. &#8216;Ma femme \u00e9tait capitaine \u00e0 bord et c\u2019est elle qui s\u2019occupait des enfants&#8217;, a-t-il confi\u00e9, reconnaissant l&#8217;importance de son soutien in\u00e9branlable. Et d&#8217;ajouter : &#8216;Pour vous dire la v\u00e9rit\u00e9, des fois je me pose des questions et je regrette un peu de ne pas avoir pass\u00e9 assez de temps avec eux.&#8217;<\/p>\n\n\n\n<figure class=\"wp-block-image is-resized\"><img decoding=\"async\" src=\"https:\/\/cdn.viepratique.fr\/wp-content\/uploads\/viepratique\/2025\/10\/un-chanteur-loue-le-soutien-de-sa-femme-pour-la-gestion-familiale-400x220.jpg\" alt=\"\" style=\"aspect-ratio:1.8181818181818181;width:800px;height:auto\"\/><\/figure>\n\n\n\n<p class=\"wp-block-paragraph\">3\/12 Un chanteur r\u00e9fl\u00e9chit sur comment le succ\u00e8s l&#8217;a \u00e9loign\u00e9 de sa famille<\/p>\n\n\n\n<p class=\"wp-block-paragraph\">Malgr\u00e9 son d\u00e9sir d&#8217;\u00eatre un p\u00e8re pr\u00e9sent, Fr\u00e9d\u00e9ric Fran\u00e7ois a avou\u00e9 que le succ\u00e8s l&#8217;a souvent \u00e9loign\u00e9 de sa famille. &#8216;Quand le succ\u00e8s arrive, c\u2019est comme si le ciel s\u2019ouvrait, les yeux s\u2019illuminent&#8217;, se rem\u00e9more-t-il avec une pointe de regret. Ce succ\u00e8s fulgurant, bien qu&#8217;enivrant, a eu un co\u00fbt personnel, celui de moments familiaux pr\u00e9cieux qu&#8217;il n&#8217;a pas pu vivre pleinement.<\/p>\n\n\n\n<figure class=\"wp-block-image is-resized\"><img decoding=\"async\" src=\"https:\/\/cdn.viepratique.fr\/wp-content\/uploads\/viepratique\/2025\/10\/un-chanteur-reflechit-sur-comment-le-succes-la-eloigne-de-sa-famille-400x220.jpg\" alt=\"\" style=\"aspect-ratio:1.8181818181818181;width:800px;height:auto\"\/><\/figure>\n\n\n\n<p class=\"wp-block-paragraph\">4\/12 Un chanteur ch\u00e9rit les moments avec sa plus jeune fille<\/p>\n\n\n\n<p class=\"wp-block-paragraph\">Avec sa fille Victoria, n\u00e9e bien apr\u00e8s ses trois premiers enfants, Fr\u00e9d\u00e9ric Fran\u00e7ois a tent\u00e9 de rattraper le temps perdu. Il se souvient des moments o\u00f9 il laissait tout tomber pour jouer avec elle sur la balan\u00e7oire ou lui lire des histoires jusqu&#8217;\u00e0 ce qu&#8217;elle s&#8217;endorme. &#8216;Je me suis rendu compte que c\u2019\u00e9tait \u00e7a la vie&#8217;, a-t-il d\u00e9clar\u00e9, soulignant l&#8217;importance des moments partag\u00e9s avec ses enfants.<\/p>\n\n\n\n<figure class=\"wp-block-image is-resized\"><img decoding=\"async\" src=\"https:\/\/cdn.viepratique.fr\/wp-content\/uploads\/viepratique\/2025\/10\/un-chanteur-cherit-les-moments-avec-sa-plus-jeune-fille-400x220.jpg\" alt=\"\" style=\"aspect-ratio:1.8181818181818181;width:800px;height:auto\"\/><\/figure>\n\n\n\n<p class=\"wp-block-paragraph\">5\/12 Un chanteur privil\u00e9gie la famille lors des occasions sp\u00e9ciales<\/p>\n\n\n\n<p class=\"wp-block-paragraph\">Ces moments de qualit\u00e9 avec Victoria ont permis \u00e0 Fr\u00e9d\u00e9ric Fran\u00e7ois de red\u00e9couvrir la valeur de la vie de famille. Il a pris la d\u00e9cision de ne plus travailler lors des occasions sp\u00e9ciales comme P\u00e2ques, les fins d&#8217;ann\u00e9e, les anniversaires, et m\u00eame la Saint-Valentin, pour consacrer ce temps \u00e0 ses proches. &#8216;Depuis ce jour-l\u00e0, pour P\u00e2ques, les fins d\u2019ann\u00e9e, les vacances, les anniversaires, la Saint-Valentin, j\u2019ai tout fait, je ne travaillais jamais, je leur consacrais du temps&#8217;, a-t-il affirm\u00e9 avec \u00e9motion.<\/p>\n\n\n\n<figure class=\"wp-block-image is-resized\"><img decoding=\"async\" src=\"https:\/\/cdn.viepratique.fr\/wp-content\/uploads\/viepratique\/2025\/10\/un-chanteur-privilegie-la-famille-lors-des-occasions-speciales-400x220.jpg\" alt=\"\" style=\"aspect-ratio:1.8181818181818181;width:800px;height:auto\"\/><\/figure>\n\n\n\n<p class=\"wp-block-paragraph\">6\/12 Un chanteur renforce les liens familiaux en privil\u00e9giant les moments partag\u00e9s<\/p>\n\n\n\n<p class=\"wp-block-paragraph\">Fr\u00e9d\u00e9ric Fran\u00e7ois a \u00e9galement reconnu que ces choix lui ont permis de renforcer les liens avec ses enfants, une d\u00e9marche qu&#8217;il consid\u00e8re essentielle pour r\u00e9ussir sa vie. &#8216;Le temps passe tr\u00e8s vite, et il fallait que je rattrape tous ces moments perdus, pour r\u00e9ussir ma vie&#8217;, a-t-il soulign\u00e9, conscient de l&#8217;importance de ces instants partag\u00e9s.<\/p>\n\n\n\n<figure class=\"wp-block-image is-resized\"><img decoding=\"async\" src=\"https:\/\/cdn.viepratique.fr\/wp-content\/uploads\/viepratique\/2025\/10\/un-chanteur-renforce-les-liens-familiaux-en-privilegiant-les-moments-partages-400x220.jpg\" alt=\"\" style=\"aspect-ratio:1.8181818181818181;width:800px;height:auto\"\/><\/figure>\n\n\n\n<p class=\"wp-block-paragraph\">7\/12 Un chanteur reconna\u00eet le r\u00f4le de sa femme dans l&#8217;\u00e9quilibre familial<\/p>\n\n\n\n<p class=\"wp-block-paragraph\">En rendant hommage \u00e0 son \u00e9pouse Monique Vercauteren, Fr\u00e9d\u00e9ric Fran\u00e7ois a exprim\u00e9 sa gratitude pour son r\u00f4le crucial dans l&#8217;\u00e9quilibre familial. &#8216;C\u2019est ma femme qui s\u2019occupait de tout&#8217;, a-t-il reconnu, ajoutant que son soutien lui a permis de se concentrer sur sa carri\u00e8re tout en sachant que sa famille \u00e9tait entre de bonnes mains.<\/p>\n\n\n\n<figure class=\"wp-block-image is-resized\"><img decoding=\"async\" src=\"https:\/\/cdn.viepratique.fr\/wp-content\/uploads\/viepratique\/2025\/10\/un-chanteur-reconnait-le-role-de-sa-femme-dans-lequilibre-familial-400x220.jpg\" alt=\"\" style=\"aspect-ratio:1.8181818181818181;width:800px;height:auto\"\/><\/figure>\n\n\n\n<p class=\"wp-block-paragraph\">8\/12 Un chanteur trouve la paix en se reconnectant avec sa plus jeune fille<\/p>\n\n\n\n<p class=\"wp-block-paragraph\">Cette introspection a permis \u00e0 Fr\u00e9d\u00e9ric Fran\u00e7ois de se r\u00e9concilier avec lui-m\u00eame, trouvant un certain apaisement dans le fait d&#8217;avoir pu rattraper le temps avec Victoria. &#8216;Au moins, je peux me dire : \u2019Tu t\u2019es rattrap\u00e9, c\u2019est bien !\u2019&#8217;, a-t-il conclu, exprimant une satisfaction teint\u00e9e de nostalgie.<\/p>\n\n\n\n<figure class=\"wp-block-image is-resized\"><img decoding=\"async\" src=\"https:\/\/cdn.viepratique.fr\/wp-content\/uploads\/viepratique\/2025\/10\/un-chanteur-trouve-la-paix-en-se-reconnectant-avec-sa-plus-jeune-fille-400x220.jpg\" alt=\"\" style=\"aspect-ratio:1.8181818181818181;width:800px;height:auto\"\/><\/figure>\n\n\n\n<p class=\"wp-block-paragraph\">9\/12 Un chanteur souligne l&#8217;importance de la famille malgr\u00e9 les sacrifices de carri\u00e8re<\/p>\n\n\n\n<p class=\"wp-block-paragraph\">Fr\u00e9d\u00e9ric Fran\u00e7ois, qui continue de se produire sur sc\u00e8ne, notamment \u00e0 l&#8217;Olympia en novembre 2025, a partag\u00e9 ces r\u00e9flexions avec une sinc\u00e9rit\u00e9 touchante. Il a rappel\u00e9 que, malgr\u00e9 les sacrifices, la famille reste une priorit\u00e9 essentielle, une le\u00e7on qu&#8217;il souhaite transmettre \u00e0 ses enfants.<\/p>\n\n\n\n<figure class=\"wp-block-image is-resized\"><img decoding=\"async\" src=\"https:\/\/cdn.viepratique.fr\/wp-content\/uploads\/viepratique\/2025\/10\/un-chanteur-souligne-limportance-de-la-famille-malgre-les-sacrifices-de-carriere-400x220.jpg\" alt=\"\" style=\"aspect-ratio:1.8181818181818181;width:800px;height:auto\"\/><\/figure>\n\n\n\n<p class=\"wp-block-paragraph\">10\/12 Un chanteur r\u00e9fl\u00e9chit sur sa passion musicale h\u00e9rit\u00e9e de son p\u00e8re<\/p>\n\n\n\n<p class=\"wp-block-paragraph\">L&#8217;artiste a \u00e9galement \u00e9voqu\u00e9 son parcours, soulignant que la passion pour la musique, h\u00e9rit\u00e9e de son p\u00e8re, l&#8217;a pouss\u00e9 \u00e0 poursuivre ses r\u00eaves, parfois au d\u00e9triment de moments familiaux. &#8216;Mon p\u00e8re avait cette passion, que je devienne chanteur&#8217;, a-t-il confi\u00e9, expliquant comment cette ambition l&#8217;a guid\u00e9 tout au long de sa carri\u00e8re.<\/p>\n\n\n\n<figure class=\"wp-block-image is-resized\"><img decoding=\"async\" src=\"https:\/\/cdn.viepratique.fr\/wp-content\/uploads\/viepratique\/2025\/10\/un-chanteur-reflechit-sur-sa-passion-musicale-heritee-de-son-pere-400x220.jpg\" alt=\"\" style=\"aspect-ratio:1.8181818181818181;width:800px;height:auto\"\/><\/figure>\n\n\n\n<p class=\"wp-block-paragraph\">11\/12 Un chanteur partage les d\u00e9fis de l&#8217;\u00e9quilibre entre carri\u00e8re et vie familiale<\/p>\n\n\n\n<p class=\"wp-block-paragraph\">Fr\u00e9d\u00e9ric Fran\u00e7ois a ainsi livr\u00e9 un t\u00e9moignage poignant sur les sacrifices qu&#8217;impose une carri\u00e8re artistique, tout en soulignant l&#8217;importance de trouver un \u00e9quilibre entre vie professionnelle et personnelle. Une r\u00e9flexion qui r\u00e9sonne profond\u00e9ment chez ceux qui, comme lui, ont d\u00fb faire des choix difficiles.<\/p>\n\n\n\n<figure class=\"wp-block-image is-resized\"><img decoding=\"async\" src=\"https:\/\/cdn.viepratique.fr\/wp-content\/uploads\/viepratique\/2025\/10\/un-chanteur-partage-les-defis-de-lequilibre-entre-carriere-et-vie-familiale-400x220.jpg\" alt=\"\" style=\"aspect-ratio:1.8181818181818181;width:800px;height:auto\"\/><\/figure>\n\n\n\n<p class=\"wp-block-paragraph\">12\/12 Un chanteur partage des r\u00e9flexions sur l&#8217;\u00e9quilibre entre succ\u00e8s professionnel et vie familiale<\/p>\n\n\n\n<p class=\"wp-block-paragraph\">En partageant ces confidences, Fr\u00e9d\u00e9ric Fran\u00e7ois offre un regard authentique sur les d\u00e9fis de concilier succ\u00e8s professionnel et vie de famille, une r\u00e9alit\u00e9 qui touche de nombreux artistes. Son histoire rappelle que derri\u00e8re chaque succ\u00e8s se cachent des sacrifices, mais aussi des opportunit\u00e9s de r\u00e9conciliation et de renouveau.<\/p>\n\n\n\n<figure class=\"wp-block-image is-resized\"><img decoding=\"async\" src=\"https:\/\/cdn.viepratique.fr\/wp-content\/uploads\/viepratique\/2025\/10\/un-chanteur-partage-des-reflexions-sur-lequilibre-entre-succes-professionnel-et-vie-familiale-400x220.jpg\" alt=\"\" style=\"aspect-ratio:1.8181818181818181;width:800px;height:auto\"\/><\/figure>\n","protected":false},"excerpt":{"rendered":"Fr\u00e9d\u00e9ric Fran\u00e7ois, l&#8217;ic\u00f4ne de la chanson romantique, a r\u00e9cemment ouvert son c\u0153ur sur Canal+ en partageant ses profonds regrets concernant le temps sacrifi\u00e9 \n<a class=\"moretag\" href=\"https:\/\/story24.biz.ua\/?p=29089\"> [...]<\/a>","protected":false},"author":1,"featured_media":0,"comment_status":"open","ping_status":"open","sticky":false,"template":"","format":"standard","meta":{"footnotes":""},"categories":[1],"tags":[],"class_list":["post-29089","post","type-post","status-publish","format-standard","hentry","category-blog"],"_links":{"self":[{"href":"https:\/\/story24.biz.ua\/index.php?rest_route=\/wp\/v2\/posts\/29089","targetHints":{"allow":["GET"]}}],"collection":[{"href":"https:\/\/story24.biz.ua\/index.php?rest_route=\/wp\/v2\/posts"}],"about":[{"href":"https:\/\/story24.biz.ua\/index.php?rest_route=\/wp\/v2\/types\/post"}],"author":[{"embeddable":true,"href":"https:\/\/story24.biz.ua\/index.php?rest_route=\/wp\/v2\/users\/1"}],"replies":[{"embeddable":true,"href":"https:\/\/story24.biz.ua\/index.php?rest_route=%2Fwp%2Fv2%2Fcomments&post=29089"}],"version-history":[{"count":1,"href":"https:\/\/story24.biz.ua\/index.php?rest_route=\/wp\/v2\/posts\/29089\/revisions"}],"predecessor-version":[{"id":29090,"href":"https:\/\/story24.biz.ua\/index.php?rest_route=\/wp\/v2\/posts\/29089\/revisions\/29090"}],"wp:attachment":[{"href":"https:\/\/story24.biz.ua\/index.php?rest_route=%2Fwp%2Fv2%2Fmedia&parent=29089"}],"wp:term":[{"taxonomy":"category","embeddable":true,"href":"https:\/\/story24.biz.ua\/index.php?rest_route=%2Fwp%2Fv2%2Fcategories&post=29089"},{"taxonomy":"post_tag","embeddable":true,"href":"https:\/\/story24.biz.ua\/index.php?rest_route=%2Fwp%2Fv2%2Ftags&post=29089"}],"curies":[{"name":"wp","href":"https:\/\/api.w.org\/{rel}","templated":true}]}}