{"id":29086,"date":"2026-09-05T08:22:19","date_gmt":"2026-09-05T08:22:19","guid":{"rendered":"https:\/\/story24.biz.ua\/?p=29086"},"modified":"2026-09-05T08:22:19","modified_gmt":"2026-09-05T08:22:19","slug":"malo-kto-wie-ze-andrzej-duda-byly-prezydent-polski-ktory-przez-dekade-stal-na-czele-panstwa-%f0%9f%87%b5%f0%9f%87%b1-nosi-na-dloni-pamiatke-po","status":"publish","type":"post","link":"https:\/\/story24.biz.ua\/?p=29086","title":{"rendered":"Ma\u0142o kto wie, \u017ce\u00a0Andrzej Duda \u2014 by\u0142y\u00a0prezydent Polski,\u00a0kt\u00f3ry przez dekad\u0119\u00a0sta\u0142 na czele pa\u0144stwa\u00a0&#x1f1f5;&#x1f1f1; \u2014 nosi na\u00a0d\u0142oni pami\u0105tk\u0119\u00a0po wypadku,\u00a0kt\u00f3ra zostanie z nim\u00a0do ko\u0144ca \u017cycia.\u00a0&#x1f633;"},"content":{"rendered":"\n<p class=\"wp-block-paragraph\">Na pocz\u0105tku\u00a0pa\u017adziernika 2024\u00a0roku, gdy wci\u0105\u017c\u00a0pe\u0142ni\u0142 urz\u0105d\u00a0prezydenta, na jego\u00a0publicznych\u00a0wyst\u0105pieniach pojawi\u0142\u00a0si\u0119 nagle\u00a0opatrunek i\u00a0usztywnienie na\u00a0palcach prawej d\u0142oni.\u00a0<\/p>\n\n\n\n<p class=\"wp-block-paragraph\">&#x1fa79; Wtedy ani\u00a0prezydent, ani jego\u00a0wsp\u00f3\u0142pracownicy nie\u00a0chcieli zdradza\u0107,\u00a0co tak naprawd\u0119 si\u0119\u00a0sta\u0142o \u2014 t\u0142umaczyli\u00a0jedynie, \u017ce do urazu\u00a0dosz\u0142o w czasie\u00a0prywatnym.<\/p>\n\n\n\n<p class=\"wp-block-paragraph\">Dopiero\u00a0po zako\u0144czeniu\u00a0prezydentury Andrzej\u00a0Duda zdecydowa\u0142 si\u0119\u00a0wyjawi\u0107 prawd\u0119.\u00a0<\/p>\n\n\n\n<p class=\"wp-block-paragraph\">&#x1f4ac; Okaza\u0142o si\u0119, \u017ce\u00a0wypadek zdarzy\u0142\u00a0si\u0119 w jego\u00a0nowym mieszkaniu,\u00a0podczas zwyk\u0142ych prac\u00a0domowych, w chwili\u00a0odpoczynku. To, co\u00a0mia\u0142o by\u0107 spokojnym,\u00a0wolnym czasem,\u00a0zako\u0144czy\u0142o si\u0119\u00a0powa\u017cnym urazem.<\/p>\n\n\n\n<p class=\"wp-block-paragraph\">W&nbsp;wyniku wypadku by\u0142y&nbsp;prezydent straci\u0142&nbsp;cz\u0119\u015b\u0107 palca. &#x1f622; \u201eTo&nbsp;pami\u0105tka na ca\u0142e \u017cycie&#8221; \u2014 przyzna\u0142 gorzko w rozmowie. Zdaniem Dudy winna by\u0142a wada konstrukcyjna sprz\u0119tu: \u201eWed\u0142ug mnie tam powinno by\u0107 zabezpieczenie, kt\u00f3rego nie ma&#8221; \u2014 oceni\u0142.<\/p>\n\n\n\n<p class=\"wp-block-paragraph\">Ta historia pokazuje co\u015b, o czym cz\u0119sto zapominamy. Nawet najwa\u017cniejsi ludzie w pa\u0144stwie \u2014 ci, kt\u00f3rych widzimy w garniturach, na szczytach w\u0142adzy \u2014 w prywatnym \u017cyciu s\u0105 po prostu&nbsp;lud\u017ami. &#x1f499;&nbsp;Zwyk\u0142y domowy&nbsp;wypadek, chwila&nbsp;nieuwagi, i&nbsp;konsekwencje, kt\u00f3re&nbsp;zostaj\u0105 na zawsze.<\/p>\n\n\n\n<p class=\"wp-block-paragraph\">Na szcz\u0119\u015bcie&nbsp;uraz, cho\u0107 trwa\u0142y,&nbsp;nie zagrozi\u0142&nbsp;jego \u017cyciu. Duda&nbsp;wr\u00f3ci\u0142 do swoich&nbsp;obowi\u0105zk\u00f3w, mierz\u0105c&nbsp;si\u0119 z t\u0105 \u201epami\u0105tk\u0105&#8221;&nbsp;ka\u017cdego dnia. &#x1f4aa;<\/p>\n\n\n\n<p class=\"wp-block-paragraph\">A Ty mia\u0142e\u015b kiedy\u015b&nbsp;wypadek podczas&nbsp;zwyk\u0142ych domowych&nbsp;czynno\u015bci? &#x1f447; Napisz&nbsp;w komentarzu \u2014 czasem&nbsp;najbardziej&nbsp;nieoczekiwane chwile&nbsp;ucz\u0105 nas&nbsp;najwi\u0119kszej&nbsp;ostro\u017cno\u015bci. &#x1f6e0;&#xfe0f;<\/p>\n","protected":false},"excerpt":{"rendered":"Na pocz\u0105tku\u00a0pa\u017adziernika 2024\u00a0roku, gdy wci\u0105\u017c\u00a0pe\u0142ni\u0142 urz\u0105d\u00a0prezydenta, na jego\u00a0publicznych\u00a0wyst\u0105pieniach pojawi\u0142\u00a0si\u0119 nagle\u00a0opatrunek i\u00a0usztywnienie na\u00a0palcach prawej d\u0142oni.\u00a0 &#x1fa79; Wtedy ani\u00a0prezydent, ani jego\u00a0wsp\u00f3\u0142pracownicy nie\u00a0chcieli zdradza\u0107,\u00a0co tak naprawd\u0119 \n<a class=\"moretag\" href=\"https:\/\/story24.biz.ua\/?p=29086\"> [...]<\/a>","protected":false},"author":1,"featured_media":29087,"comment_status":"open","ping_status":"open","sticky":false,"template":"","format":"standard","meta":{"footnotes":""},"categories":[1],"tags":[],"class_list":["post-29086","post","type-post","status-publish","format-standard","has-post-thumbnail","hentry","category-blog"],"_links":{"self":[{"href":"https:\/\/story24.biz.ua\/index.php?rest_route=\/wp\/v2\/posts\/29086","targetHints":{"allow":["GET"]}}],"collection":[{"href":"https:\/\/story24.biz.ua\/index.php?rest_route=\/wp\/v2\/posts"}],"about":[{"href":"https:\/\/story24.biz.ua\/index.php?rest_route=\/wp\/v2\/types\/post"}],"author":[{"embeddable":true,"href":"https:\/\/story24.biz.ua\/index.php?rest_route=\/wp\/v2\/users\/1"}],"replies":[{"embeddable":true,"href":"https:\/\/story24.biz.ua\/index.php?rest_route=%2Fwp%2Fv2%2Fcomments&post=29086"}],"version-history":[{"count":1,"href":"https:\/\/story24.biz.ua\/index.php?rest_route=\/wp\/v2\/posts\/29086\/revisions"}],"predecessor-version":[{"id":29088,"href":"https:\/\/story24.biz.ua\/index.php?rest_route=\/wp\/v2\/posts\/29086\/revisions\/29088"}],"wp:featuredmedia":[{"embeddable":true,"href":"https:\/\/story24.biz.ua\/index.php?rest_route=\/wp\/v2\/media\/29087"}],"wp:attachment":[{"href":"https:\/\/story24.biz.ua\/index.php?rest_route=%2Fwp%2Fv2%2Fmedia&parent=29086"}],"wp:term":[{"taxonomy":"category","embeddable":true,"href":"https:\/\/story24.biz.ua\/index.php?rest_route=%2Fwp%2Fv2%2Fcategories&post=29086"},{"taxonomy":"post_tag","embeddable":true,"href":"https:\/\/story24.biz.ua\/index.php?rest_route=%2Fwp%2Fv2%2Ftags&post=29086"}],"curies":[{"name":"wp","href":"https:\/\/api.w.org\/{rel}","templated":true}]}}