{"id":29079,"date":"2026-09-04T21:38:51","date_gmt":"2026-09-04T21:38:51","guid":{"rendered":"https:\/\/story24.biz.ua\/?p=29079"},"modified":"2026-09-04T21:38:51","modified_gmt":"2026-09-04T21:38:51","slug":"choroba-celine-dion-pod-kontrola-jej-menedzer-ujawnia-uspokajajace-informacje-na-temat-nekajacej-ja-choroby","status":"publish","type":"post","link":"https:\/\/story24.biz.ua\/?p=29079","title":{"rendered":"Choroba Celine Dion \u201epod kontrol\u0105\u201d: jej mened\u017cer ujawnia uspokajaj\u0105ce informacje na temat n\u0119kaj\u0105cej j\u0105 choroby."},"content":{"rendered":"\n<p class=\"wp-block-paragraph\">W pi\u0105tek, 28 sierpnia, C\u00e9line Dion przyby\u0142a do Pary\u017ca, aby rozpocz\u0105\u0107 seri\u0119 koncert\u00f3w w Plenitude Arena w Nanterre (Hauts-de-Seine). <\/p>\n\n\n\n<p class=\"wp-block-paragraph\">Chocia\u017c przygotowuje si\u0119 do prawdziwego maratonu, ten napi\u0119ty harmonogram nie powinien wp\u0142yn\u0105\u0107 na jej zdrowie, jak powiedzia\u0142 jej mened\u017cer w rozmowie z \u201eLe\u00a0<em>Parisien\u201d<\/em>\u00a0.<a is=\"fig-a11y-skip\" href=\"https:\/\/actu.gala.fr\/l_actu\/news_de_stars\/celine-dion-sa-maladie-sous-controle-son-manager-fait-des-confidences-rassurantes-sur-ce-mal-qui-la-ronge-20260902?utm_source=cpttraff&amp;utm_medium=loc&amp;utm_campaign=pmo_part93#fig-a11y-skip-main-pave_atf\">Pomi\u0144 reklam\u0119<\/a><\/p>\n\n\n\n<p class=\"wp-block-paragraph\">Przyjazd Celine Dion do Pary\u017ca wywo\u0142a\u0142 spore poruszenie. <\/p>\n\n\n\n<p class=\"wp-block-paragraph\">W pi\u0105tek, 28 sierpnia, kanadyjska piosenkarka\u00a0\u00a0<a href=\"http:\/\/actu.gala.fr\/lifestyle\/celine-dion-a-pose-ses-valises-dans-son-hotel-parisien-fetiche-combien-coute-une-suite-au-royal-monceau-20260829\">zameldowa\u0142a si\u0119 w Royal Monceau , gdzie planuje pozosta\u0107 na czas swojej paryskiej wizyty. <\/a><\/p>\n\n\n\n<p class=\"wp-block-paragraph\"><a href=\"http:\/\/actu.gala.fr\/lifestyle\/celine-dion-a-pose-ses-valises-dans-son-hotel-parisien-fetiche-combien-coute-une-suite-au-royal-monceau-20260829\">Ale czy powinni\u015bmy martwi\u0107 si\u0119 o\u00a0<\/a><a href=\"http:\/\/actu.gala.fr\/l_actu\/news_de_stars\/celine-dion-en-concert-a-paris-elle-donne-de-ses-nouvelles-de-sa-sante-je-me-sens-bien-et-forte-20260330\">jej zdrowie<\/a>\u00a0, skoro w Plenitude Arena w Nanterre zaplanowano a\u017c szesna\u015bcie wyprzedanych koncert\u00f3w\u00a0\u00a0\u00a0? Przypomnijmy, \u017ce by\u0142a \u017cona Ren\u00e9 Ang\u00e9lila cierpi na\u00a0\u00a0<a href=\"https:\/\/actu.gala.fr\/beaute\/beaute_de_star\/celine-dion-atteinte-du-syndrome-de-la-personne-raide-ce-quil-faut-savoir-sur-la-maladie_545458\">zesp\u00f3\u0142 sztywno\u015bci,<\/a>\u00a0\u00a0rzadkie schorzenie neurologiczne, kt\u00f3re atakuje o\u015brodkowy uk\u0142ad nerwowy i mo\u017ce powodowa\u0107 sztywno\u015b\u0107, skurcze i skurcze mi\u0119\u015bni. <\/p>\n\n\n\n<p class=\"wp-block-paragraph\">Jej zesp\u00f3\u0142 jednak uspokaja. \u201e\u00a0<em>Jest gotowa<\/em>\u00a0\u00a0\u201d \u2013 powiedzia\u0142 jej mened\u017cer, John Nelson, naszym kolegom z Le\u00a0\u00a0<a href=\"https:\/\/www.leparisien.fr\/culture-loisirs\/musique\/celine-dion-en-concert-a-paris-les-coulisses-de-ses-repetitions-secretes-qui-ont-commence-a-la-plenitude-arena-01-09-2026-AUUDHWHTRFEMLBCIF5LUL3AUYE.php\" target=\"_blank\" rel=\"noopener\"><em>Parisien,\u00a0<\/em><\/a>\u00a0po czym doda\u0142: \u201e\u00a0<em>Jest w doskona\u0142ej kondycji fizycznej i nie mo\u017ce si\u0119 doczeka\u0107 powrotu na scen\u0119<\/em>\u00a0\u00a0\u201d .<\/p>\n\n\n\n<p class=\"wp-block-paragraph\">Jeszcze przed przybyciem do stolicy Francji,&nbsp;<a href=\"http:\/\/actu.gala.fr\/l_actu\/news_de_stars\/celine-dion-a-paris-ses-jumeaux-nelson-et-eddy-reapparaissent-a-ses-cotes-ils-sont-meconnaissables-20260828\">&nbsp;matka bli\u017aniak\u00f3w Nelsona i Eddy&#8217;ego<\/a>&nbsp;&nbsp;rozpocz\u0119\u0142a intensywny program treningowy&nbsp;&nbsp;<a href=\"http:\/\/actu.gala.fr\/lifestyle\/residence-ultra-securisee-lac-artificiel-et-voisins-celebres-celine-dion-installee-pres-de-las-vegas-depuis-23-ans-plongee-dans-son-quotidien-20260827\">w Las Vegas, gdzie mieszka<\/a>&nbsp;. \u0106wiczy\u0142a pilates, rozci\u0105ganie, jog\u0119, cardio i taniec dwa razy w tygodniu. \u201e&nbsp;<em>Nigdy nie widzia\u0142am nikogo tak zdeterminowanego i skupionego<\/em>&nbsp;\u201d \u2013 zauwa\u017ca jej wsp\u00f3\u0142mened\u017cer od trzech lat. \u201e&nbsp;<em>Jej problemy zdrowotne zosta\u0142y zdiagnozowane, s\u0105 leczone i pod kontrol\u0105<\/em>&nbsp;&nbsp;\u201d \u2013 zapewnia.<\/p>\n","protected":false},"excerpt":{"rendered":"W pi\u0105tek, 28 sierpnia, C\u00e9line Dion przyby\u0142a do Pary\u017ca, aby rozpocz\u0105\u0107 seri\u0119 koncert\u00f3w w Plenitude Arena w Nanterre (Hauts-de-Seine). Chocia\u017c przygotowuje si\u0119 do \n<a class=\"moretag\" href=\"https:\/\/story24.biz.ua\/?p=29079\"> [...]<\/a>","protected":false},"author":1,"featured_media":29080,"comment_status":"open","ping_status":"open","sticky":false,"template":"","format":"standard","meta":{"footnotes":""},"categories":[1],"tags":[],"class_list":["post-29079","post","type-post","status-publish","format-standard","has-post-thumbnail","hentry","category-blog"],"_links":{"self":[{"href":"https:\/\/story24.biz.ua\/index.php?rest_route=\/wp\/v2\/posts\/29079","targetHints":{"allow":["GET"]}}],"collection":[{"href":"https:\/\/story24.biz.ua\/index.php?rest_route=\/wp\/v2\/posts"}],"about":[{"href":"https:\/\/story24.biz.ua\/index.php?rest_route=\/wp\/v2\/types\/post"}],"author":[{"embeddable":true,"href":"https:\/\/story24.biz.ua\/index.php?rest_route=\/wp\/v2\/users\/1"}],"replies":[{"embeddable":true,"href":"https:\/\/story24.biz.ua\/index.php?rest_route=%2Fwp%2Fv2%2Fcomments&post=29079"}],"version-history":[{"count":1,"href":"https:\/\/story24.biz.ua\/index.php?rest_route=\/wp\/v2\/posts\/29079\/revisions"}],"predecessor-version":[{"id":29081,"href":"https:\/\/story24.biz.ua\/index.php?rest_route=\/wp\/v2\/posts\/29079\/revisions\/29081"}],"wp:featuredmedia":[{"embeddable":true,"href":"https:\/\/story24.biz.ua\/index.php?rest_route=\/wp\/v2\/media\/29080"}],"wp:attachment":[{"href":"https:\/\/story24.biz.ua\/index.php?rest_route=%2Fwp%2Fv2%2Fmedia&parent=29079"}],"wp:term":[{"taxonomy":"category","embeddable":true,"href":"https:\/\/story24.biz.ua\/index.php?rest_route=%2Fwp%2Fv2%2Fcategories&post=29079"},{"taxonomy":"post_tag","embeddable":true,"href":"https:\/\/story24.biz.ua\/index.php?rest_route=%2Fwp%2Fv2%2Ftags&post=29079"}],"curies":[{"name":"wp","href":"https:\/\/api.w.org\/{rel}","templated":true}]}}