{"id":29076,"date":"2026-09-04T21:28:50","date_gmt":"2026-09-04T21:28:50","guid":{"rendered":"https:\/\/story24.biz.ua\/?p=29076"},"modified":"2026-09-04T21:28:50","modified_gmt":"2026-09-04T21:28:50","slug":"na-zdjeciu-z-1973-roku-widac-11-letnie-dziecko-czy-rozpoznajesz-te-przyszla-legende-kina","status":"publish","type":"post","link":"https:\/\/story24.biz.ua\/?p=29076","title":{"rendered":"Na zdj\u0119ciu z 1973 roku wida\u0107 11-letnie dziecko: czy rozpoznajesz t\u0119 przysz\u0142\u0105 legend\u0119 kina?"},"content":{"rendered":"\n<h2 class=\"wp-block-heading\">Stare zdj\u0119cie pojawi\u0142o si\u0119 ponownie w mediach spo\u0142eczno\u015bciowych, wzbudzaj\u0105c ciekawo\u015b\u0107 w ca\u0142ej Francji. <\/h2>\n\n\n\n<p class=\"wp-block-paragraph\">Przedstawia ono ch\u0142opca, maj\u0105cego zaledwie 11 lat, z figlarnym u\u015bmiechem i b\u0142yszcz\u0105cymi oczami. <\/p>\n\n\n\n<p class=\"wp-block-paragraph\">Na pierwszy rzut oka nic nie wskazuje na niezwyk\u0142e przeznaczenie, kt\u00f3re go czeka. <\/p>\n\n\n\n<p class=\"wp-block-paragraph\">A jednak ta twarz stanie si\u0119 jedn\u0105 z najs\u0142ynniejszych w historii \u015bwiatowego kina. Czy naprawd\u0119 go rozpoznajesz?<\/p>\n\n\n\n<h2 class=\"wp-block-heading\">Zwyk\u0142e dziecko, kt\u00f3rego przeznaczenie by\u0142o zupe\u0142nie inne ni\u017c zwyk\u0142e.<\/h2>\n\n\n\n<p class=\"wp-block-paragraph\">Ten ma\u0142y ch\u0142opiec uwieczniony w 1973 roku to&nbsp;<strong>Jim Carrey<\/strong>&nbsp;. Tak, *ten* Jim Carrey. Ten, kt\u00f3ry doprowadza\u0142 nas do salw \u015bmiechu w *Masce* i *Ace Venturze*. Wtedy nikt z jego otoczenia by na niego nie postawi\u0142. A jednak, ju\u017c jako dziecko, posiada\u0142 to nieokre\u015blone co\u015b: bezgraniczn\u0105 wyobra\u017ani\u0119 i niepohamowan\u0105 ch\u0119\u0107 roz\u015bmieszania ludzi.<\/p>\n\n\n\n<p class=\"wp-block-paragraph\">By\u0142 tak niepohamowany, \u017ce w wieku, w kt\u00f3rym wi\u0119kszo\u015b\u0107 dzieci kolekcjonuje naklejki Panini, wysy\u0142a\u0142 pomys\u0142y na skecze Carol Burnett, czo\u0142owej postaci ameryka\u0144skiej komedii. Odwa\u017cne, prawda?<\/p>\n\n\n\n<h2 class=\"wp-block-heading\">Trudne dzieci\u0144stwo, kt\u00f3re kszta\u0142tuje charakter<\/h2>\n\n\n\n<p class=\"wp-block-paragraph\">Za \u015bmiechem kry\u0142a si\u0119 znacznie mroczniejsza rzeczywisto\u015b\u0107 Jima Carreya. Jako nastolatek, jego rodzina boryka\u0142a si\u0119 z powa\u017cnymi problemami finansowymi. Aby pom\u00f3c rodzicom, podejmowa\u0142 si\u0119 szeregu wyczerpuj\u0105cych, dorywczych prac, w tym pracy w fabryce. Daleko, daleko od blasku fleszy, o jakim marzy\u0142.<\/p>\n\n\n\n<p class=\"wp-block-paragraph\">W szkole te\u017c nie sz\u0142o mu najlepiej. Powtarza\u0142 klas\u0119, rzuci\u0142 szko\u0142\u0119\u2026 opu\u015bci\u0142 liceum bez dyplomu. To, co mog\u0142o z\u0142ama\u0107 jego ducha, tylko wzmocni\u0142o jego determinacj\u0119. Te trudne lata nauczy\u0142y go dyscypliny, wytrwa\u0142o\u015bci i g\u0142\u0119bokiego poczucia pewno\u015bci siebie.<\/p>\n\n\n\n<h2 class=\"wp-block-heading\">Przem\u00f3wienie, kt\u00f3re sta\u0142o si\u0119 viralem, s\u0142owa, kt\u00f3re odcisn\u0119\u0142y swoje pi\u0119tno.<\/h2>\n\n\n\n<p class=\"wp-block-paragraph\">\u017bycie zgotowa\u0142o mu pi\u0119kn\u0105 symboliczn\u0105 zemst\u0119 w&nbsp;<strong>2014 roku<\/strong>&nbsp;: Jim Carrey otrzyma\u0142 tytu\u0142 doktora honoris causa sztuk pi\u0119knych. On, kt\u00f3ry nie uko\u0144czy\u0142 szko\u0142y \u015bredniej, wyszed\u0142 na scen\u0119 i wyg\u0142osi\u0142 poruszaj\u0105ce przem\u00f3wienie.<\/p>\n\n\n\n<p class=\"wp-block-paragraph\">Jego przes\u0142anie? Sukcesu nie mierzy si\u0119 dyplomami ani odhaczonymi punktami, ale odwag\u0105, by pozosta\u0107 wiernym w\u0142asnej wizji. Te s\u0142owa rezonuj\u0105 z milionami ludzi na ca\u0142ym \u015bwiecie, a szczeg\u00f3lnie we Francji, gdzie ludzie podziwiaj\u0105 tych, kt\u00f3rzy prze\u0142amuj\u0105 konwenanse.<\/p>\n\n\n\n<h2 class=\"wp-block-heading\">Jim Carrey, daleko poza klaunem<\/h2>\n\n\n\n<p class=\"wp-block-paragraph\">Ludzi cz\u0119sto zaskakuje rozd\u017awi\u0119k mi\u0119dzy jego wizerunkiem publicznym a \u017cyciem prywatnym. Na ekranie jest wybuchowy, nieokie\u0142znany i pe\u0142en energii. W \u017cyciu prywatnym jest cz\u0142owiekiem g\u0142\u0119boko zdyscyplinowanym.<\/p>\n\n\n\n<p class=\"wp-block-paragraph\">\u0106wiczy&nbsp;<strong>brazylijskie jiu-jitsu<\/strong>&nbsp;na poziomie zaawansowanym \u2013 ma br\u0105zowy pas, i to nie byle jaki. Godziny trening\u00f3w, skupienia i ciszy. Zupe\u0142nie inna strona artysty.<\/p>\n\n\n\n<h2 class=\"wp-block-heading\">Sztuka jako nowy j\u0119zyk<\/h2>\n\n\n\n<p class=\"wp-block-paragraph\">Z czasem Jim Carrey zwr\u00f3ci\u0142 si\u0119 r\u00f3wnie\u017c ku&nbsp;<strong>malarstwu i rze\u017abie<\/strong>&nbsp;. W swojej pracowni, z dala od zgie\u0142ku Hollywood, tworzy intensywne i osobiste dzie\u0142a. Dla niego sztuka to nie tylko hobby: to spos\u00f3b na odbudowanie wi\u0119zi z samym sob\u0105 i nawi\u0105zanie kontaktu z innymi w inny spos\u00f3b.<\/p>\n\n\n\n<p class=\"wp-block-paragraph\">Francja uhonorowa\u0142a go&nbsp;<strong>honorowym Cezarem<\/strong>&nbsp;, wr\u0119czonym podczas ceremonii wr\u0119czenia Cezar\u00f3w w Pary\u017cu. To wyr\u00f3\u017cnienie wykracza daleko poza granice kina ameryka\u0144skiego.<\/p>\n\n\n\n<p class=\"wp-block-paragraph\">To zdj\u0119cie anonimowego dziecka z 1973 roku przypomina nam prost\u0105 i uniwersaln\u0105 prawd\u0119: najpi\u0119kniejsze losy cz\u0119sto zaczynaj\u0105 si\u0119 tam, gdzie nikt nie patrzy.<\/p>\n","protected":false},"excerpt":{"rendered":"Stare zdj\u0119cie pojawi\u0142o si\u0119 ponownie w mediach spo\u0142eczno\u015bciowych, wzbudzaj\u0105c ciekawo\u015b\u0107 w ca\u0142ej Francji. Przedstawia ono ch\u0142opca, maj\u0105cego zaledwie 11 lat, z figlarnym u\u015bmiechem \n<a class=\"moretag\" href=\"https:\/\/story24.biz.ua\/?p=29076\"> [...]<\/a>","protected":false},"author":1,"featured_media":29077,"comment_status":"open","ping_status":"open","sticky":false,"template":"","format":"standard","meta":{"footnotes":""},"categories":[1],"tags":[],"class_list":["post-29076","post","type-post","status-publish","format-standard","has-post-thumbnail","hentry","category-blog"],"_links":{"self":[{"href":"https:\/\/story24.biz.ua\/index.php?rest_route=\/wp\/v2\/posts\/29076","targetHints":{"allow":["GET"]}}],"collection":[{"href":"https:\/\/story24.biz.ua\/index.php?rest_route=\/wp\/v2\/posts"}],"about":[{"href":"https:\/\/story24.biz.ua\/index.php?rest_route=\/wp\/v2\/types\/post"}],"author":[{"embeddable":true,"href":"https:\/\/story24.biz.ua\/index.php?rest_route=\/wp\/v2\/users\/1"}],"replies":[{"embeddable":true,"href":"https:\/\/story24.biz.ua\/index.php?rest_route=%2Fwp%2Fv2%2Fcomments&post=29076"}],"version-history":[{"count":1,"href":"https:\/\/story24.biz.ua\/index.php?rest_route=\/wp\/v2\/posts\/29076\/revisions"}],"predecessor-version":[{"id":29078,"href":"https:\/\/story24.biz.ua\/index.php?rest_route=\/wp\/v2\/posts\/29076\/revisions\/29078"}],"wp:featuredmedia":[{"embeddable":true,"href":"https:\/\/story24.biz.ua\/index.php?rest_route=\/wp\/v2\/media\/29077"}],"wp:attachment":[{"href":"https:\/\/story24.biz.ua\/index.php?rest_route=%2Fwp%2Fv2%2Fmedia&parent=29076"}],"wp:term":[{"taxonomy":"category","embeddable":true,"href":"https:\/\/story24.biz.ua\/index.php?rest_route=%2Fwp%2Fv2%2Fcategories&post=29076"},{"taxonomy":"post_tag","embeddable":true,"href":"https:\/\/story24.biz.ua\/index.php?rest_route=%2Fwp%2Fv2%2Ftags&post=29076"}],"curies":[{"name":"wp","href":"https:\/\/api.w.org\/{rel}","templated":true}]}}