{"id":29022,"date":"2026-09-04T09:16:11","date_gmt":"2026-09-04T09:16:11","guid":{"rendered":"https:\/\/story24.biz.ua\/?p=29022"},"modified":"2026-09-04T09:16:11","modified_gmt":"2026-09-04T09:16:11","slug":"znaleziono-cialo-operatora-witolda-plociennika-prokuratura-potwierdza-tragiczne-informacje","status":"publish","type":"post","link":"https:\/\/story24.biz.ua\/?p=29022","title":{"rendered":"Znaleziono cia\u0142o operatora Witolda P\u0142\u00f3ciennika. Prokuratura potwierdza tragiczne informacje"},"content":{"rendered":"\n<p class=\"wp-block-paragraph\">Rzecznik Prokuratury Okr\u0119gowej w Gorzowie Wielkopolskim, Mariola Wojciechowska-Grze\u015bkowiak, potwierdzi\u0142a w rozmowie z Wirtualn\u0105 Polsk\u0105, \u017ce odnalezione zw\u0142oki w kompleksie le\u015bnym nale\u017c\u0105 do operatora Witolda P\u0142\u00f3ciennika. <\/p>\n\n\n\n<p class=\"wp-block-paragraph\">&#8211; Prokurator zabezpieczy\u0142 wszystkie przedmioty, jakie znajdowa\u0142y si\u0119 przy zw\u0142okach &#8211; doda\u0142a.<\/p>\n\n\n\n<p class=\"wp-block-paragraph\">3 wrze\u015bnia 2026, 21:37173 komentarze<\/p>\n\n\n\n<h2 class=\"wp-block-heading\">Najwa\u017cniejsze informacje:<\/h2>\n\n\n\n<ul class=\"wp-block-list\">\n<li><strong>Prokuratura zapowiada powo\u0142anie bieg\u0142ego s\u0105dowego do ustalenia przyczyn \u015bmierci i\u00a0czasu zgonu.<\/strong><\/li>\n\n\n\n<li><strong>\u015aledczy sprawdz\u0105, czy do \u015bmierci operatora mog\u0142y przyczyni\u0107 si\u0119 osoby trzecie.<\/strong><\/li>\n\n\n\n<li><strong>Witold P\u0142\u00f3ciennik zagin\u0105\u0142 29\u00a0sierpnia w\u00a0Lubniewicach; mia\u0142 p\u00f3\u017aniej jecha\u0107 do matki w\u00a0Zielonej G\u00f3rze, ale nie dotar\u0142.<\/strong><\/li>\n<\/ul>\n\n\n\n<p class=\"wp-block-paragraph\">&#8211; Prokurator w&nbsp;godzinach wieczornych zosta\u0142 poinformowany o&nbsp;znalezieniu zw\u0142ok w&nbsp;kompleksie le\u015bnym.&nbsp;<strong>Nast\u0119pnie uda\u0142 si\u0119 na miejsce, gdzie przeprowadzi\u0142 ogl\u0119dziny zw\u0142ok i&nbsp;zabezpieczy\u0142 wszystkie przedmioty, jakie si\u0119 przy nich znajdowa\u0142y<\/strong>. Jednocze\u015bnie przeprowadzono czynno\u015bci, kt\u00f3re potwierdzi\u0142y to\u017csamo\u015b\u0107 znalezionych zw\u0142ok &#8211; powiedzia\u0142a rzecznik Prokuratury Okr\u0119gowej w&nbsp;Gorzowie Wielkopolskim,&nbsp;<a href=\"https:\/\/wiadomosci.wp.pl\/tragiczne-odkrycie-podczas-wycinki-sprawa-zajela-sie-prokuratura-7325444102019232a\">Mariola Wojciechowska-Grze\u015bkowiak<\/a>, w&nbsp;rozmowie z&nbsp;Wirtualn\u0105 Polsk\u0105.<\/p>\n\n\n\n<p class=\"wp-block-paragraph\">Jak doda\u0142a, &#8220;<strong>zostanie powo\u0142any bieg\u0142y s\u0105dowy ws. ustalenia przyczyn \u015bmierci i&nbsp;czasu zgonu<\/strong>&#8220;. Zbadane zostanie tak\u017ce, czy do \u015bmierci operatora przyczyni\u0142y si\u0119 osoby trzecie.<\/p>\n\n\n\n<h2 class=\"wp-block-heading\">Trwa\u0142y poszukiwania znanego operatora<\/h2>\n\n\n\n<p class=\"wp-block-paragraph\">Ostatni raz P\u0142\u00f3ciennik widziany by\u0142 29&nbsp;sierpnia Lubniewicach,&nbsp;<a href=\"https:\/\/wiadomosci.wp.pl\/zaginal-znany-operator-filmowy-policja-siegnela-po-smiglowce-i-drony-7324659486001248a\">gdzie przyjecha\u0142, by odpocz\u0105\u0107 i&nbsp;zrelaksowa\u0107 si\u0119 nad wod\u0105<\/a>. Wcze\u015bniej pracowa\u0142 w&nbsp;Gorzowie Wielkopolskim na planie nowej kryminalnej produkcji platformy Netflix.<\/p>\n\n\n\n<p class=\"wp-block-paragraph\">Z&nbsp;miejscowo\u015bci wypoczynkowej&nbsp;<strong>mia\u0142 pojecha\u0107 do matki w&nbsp;Zielonej G\u00f3rze, jednak nigdy tam nie dotar\u0142.<\/strong>&nbsp;Z&nbsp;ustale\u0144 s\u0142u\u017cb wynika, \u017ce przed zagini\u0119ciem m\u0119\u017cczyzna by\u0142 widziany w&nbsp;sklepie i&nbsp;lokalnej restauracji, po czym ruszy\u0142 w&nbsp;kierunku lasu.&nbsp;<strong>Zaginiony przes\u0142a\u0142 jeszcze bliskim zdj\u0119cia znad jeziora Lubi\u0105\u017c.<\/strong><\/p>\n\n\n\n<p class=\"wp-block-paragraph\">W&nbsp;poniedzia\u0142ek 31&nbsp;sierpnia<strong>&nbsp;funkcjonariusze zlokalizowali zaparkowany samoch\u00f3d operatora.&nbsp;<\/strong>Na miejsce sprowadzono psy, kt\u00f3re podj\u0119\u0142y trop, jednak trudne warunki pogodowe skomplikowa\u0142y dzia\u0142ania.<\/p>\n\n\n\n<p class=\"wp-block-paragraph\">Witold P\u0142\u00f3ciennik by\u0142 cenionym w&nbsp;bran\u017cy operatorem filmowym.&nbsp;<strong>Zosta\u0142 nagrodzony na festiwalu w&nbsp;Gdyni za zdj\u0119cia do produkcji &#8220;Ikar. Legenda Mietka Kosza&#8221;<\/strong>. W&nbsp;swoim dorobku mia\u0142 r\u00f3wnie\u017c prac\u0119 przy takich tytu\u0142ach jak &#8220;Kruk&#8221;, &#8220;Jak pies z&nbsp;kotem&#8221; oraz najnowszym serialu &#8220;O\u0142owiane dzieci&#8221;.<\/p>\n","protected":false},"excerpt":{"rendered":"Rzecznik Prokuratury Okr\u0119gowej w Gorzowie Wielkopolskim, Mariola Wojciechowska-Grze\u015bkowiak, potwierdzi\u0142a w rozmowie z Wirtualn\u0105 Polsk\u0105, \u017ce odnalezione zw\u0142oki w kompleksie le\u015bnym nale\u017c\u0105 do operatora \n<a class=\"moretag\" href=\"https:\/\/story24.biz.ua\/?p=29022\"> [...]<\/a>","protected":false},"author":1,"featured_media":29023,"comment_status":"open","ping_status":"open","sticky":false,"template":"","format":"standard","meta":{"footnotes":""},"categories":[1],"tags":[],"class_list":["post-29022","post","type-post","status-publish","format-standard","has-post-thumbnail","hentry","category-blog"],"_links":{"self":[{"href":"https:\/\/story24.biz.ua\/index.php?rest_route=\/wp\/v2\/posts\/29022","targetHints":{"allow":["GET"]}}],"collection":[{"href":"https:\/\/story24.biz.ua\/index.php?rest_route=\/wp\/v2\/posts"}],"about":[{"href":"https:\/\/story24.biz.ua\/index.php?rest_route=\/wp\/v2\/types\/post"}],"author":[{"embeddable":true,"href":"https:\/\/story24.biz.ua\/index.php?rest_route=\/wp\/v2\/users\/1"}],"replies":[{"embeddable":true,"href":"https:\/\/story24.biz.ua\/index.php?rest_route=%2Fwp%2Fv2%2Fcomments&post=29022"}],"version-history":[{"count":1,"href":"https:\/\/story24.biz.ua\/index.php?rest_route=\/wp\/v2\/posts\/29022\/revisions"}],"predecessor-version":[{"id":29024,"href":"https:\/\/story24.biz.ua\/index.php?rest_route=\/wp\/v2\/posts\/29022\/revisions\/29024"}],"wp:featuredmedia":[{"embeddable":true,"href":"https:\/\/story24.biz.ua\/index.php?rest_route=\/wp\/v2\/media\/29023"}],"wp:attachment":[{"href":"https:\/\/story24.biz.ua\/index.php?rest_route=%2Fwp%2Fv2%2Fmedia&parent=29022"}],"wp:term":[{"taxonomy":"category","embeddable":true,"href":"https:\/\/story24.biz.ua\/index.php?rest_route=%2Fwp%2Fv2%2Fcategories&post=29022"},{"taxonomy":"post_tag","embeddable":true,"href":"https:\/\/story24.biz.ua\/index.php?rest_route=%2Fwp%2Fv2%2Ftags&post=29022"}],"curies":[{"name":"wp","href":"https:\/\/api.w.org\/{rel}","templated":true}]}}