{"id":28932,"date":"2026-09-03T08:16:40","date_gmt":"2026-09-03T08:16:40","guid":{"rendered":"https:\/\/story24.biz.ua\/?p=28932"},"modified":"2026-09-03T08:16:40","modified_gmt":"2026-09-03T08:16:40","slug":"malo-kto-zdaje-sobie-sprawe-jak-blisko-smierci-byl-robert-kubica-jedyny-polak-ktory-wygral-wyscig-formuly-1-%f0%9f%8f%8e%ef%b8%8f%f0%9f%87%b5%f0%9f%87%b1-to-historia-o-tragedii-ktora-w-j","status":"publish","type":"post","link":"https:\/\/story24.biz.ua\/?p=28932","title":{"rendered":"Ma\u0142o kto zdaje sobie spraw\u0119, jak blisko \u015bmierci by\u0142 Robert Kubica \u2014 jedyny Polak, kt\u00f3ry wygra\u0142 wy\u015bcig Formu\u0142y 1. &#x1f3ce;&#xfe0f;&#x1f1f5;&#x1f1f1; To historia o tragedii, kt\u00f3ra w jednej sekundzie zmieni\u0142a ca\u0142e jego \u017cycie. &#x1f494;"},"content":{"rendered":"\n<p class=\"wp-block-paragraph\">By\u0142 rok 2011. Kubica by\u0142 u szczytu formy \u2014 uznawany za jednego z najszybszych i najbardziej utalentowanych kierowc\u00f3w na \u015bwiecie, szykowa\u0142 si\u0119 do sezonu, po kt\u00f3rym mia\u0142 trafi\u0107 do samego Ferrari. <\/p>\n\n\n\n<p class=\"wp-block-paragraph\">&#x1f525; Ale 6 lutego, podczas rajdu Ronde di Andora we W\u0142oszech, wydarzy\u0142o si\u0119 co\u015b, czego nikt nie m\u00f3g\u0142 przewidzie\u0107.<\/p>\n\n\n\n<p class=\"wp-block-paragraph\">Na \u015bliskim, prawym zakr\u0119cie jego Skoda Fabia wypad\u0142a z trasy i uderzy\u0142a w barier\u0119 z ogromn\u0105 pr\u0119dko\u015bci\u0105. <\/p>\n\n\n\n<p class=\"wp-block-paragraph\">Metalowa bariera przebi\u0142a si\u0119 przez kokpit auta i wbi\u0142a si\u0119 prosto w praw\u0105 stron\u0119 jego cia\u0142a. &#x1f630; To by\u0142 koszmar. Ratownicy przez ponad godzin\u0119 wyci\u0105gali go z wraku samochodu.<\/p>\n\n\n\n<p class=\"wp-block-paragraph\">Obra\u017cenia by\u0142y przera\u017caj\u0105ce. Cz\u0119\u015bciowa amputacja prawego przedramienia. 42 z\u0142amania po prawej stronie cia\u0142a. Ogromna utrata krwi \u2014 do szpitala trafi\u0142 zaledwie z p\u00f3\u0142tora litrem krwi, podczas gdy ludzkie cia\u0142o zawiera jej sze\u015b\u0107 lub siedem. &#x1f489; Lekarze i bliscy bali si\u0119 najgorszego. \u201eMy\u015bleli\u015bmy, \u017ce mo\u017ce umrze\u0107&#8221; \u2014 wspomina\u0142 jego \u00f3wczesny szef zespo\u0142u.<\/p>\n\n\n\n<p class=\"wp-block-paragraph\">Kubica przeszed\u0142 17 operacji, w tym pierwsz\u0105, siedmiogodzinn\u0105, tylko po to, by uratowa\u0107 mu r\u0119k\u0119. Przez pewien czas by\u0142 w \u015bpi\u0105czce farmakologicznej. Jego marzenie o Ferrari leg\u0142o w gruzach \u2014 do dzi\u015b nazywa to swoj\u0105 najwi\u0119ksz\u0105, wci\u0105\u017c otwart\u0105 ran\u0105. &#x1f494; \u201eNikt nie wyobra\u017ca sobie, jak innym cz\u0142owiekiem by\u0142em przed 2011 rokiem&#8221; \u2014 wyzna\u0142 po latach.<\/p>\n\n\n\n<p class=\"wp-block-paragraph\">Ale to, co wydarzy\u0142o si\u0119 p\u00f3\u017aniej, to prawdziwa lekcja si\u0142y i niez\u0142omno\u015bci. &#x1f4aa; Zaledwie p\u00f3\u0142tora roku po wypadku, mimo trwale ograniczonej ruchomo\u015bci prawej r\u0119ki, Kubica wr\u00f3ci\u0142 za kierownic\u0119 rajd\u00f3wki. A w 2019 roku dokona\u0142 czego\u015b, w co ma\u0142o kto wierzy\u0142 \u2014 wr\u00f3ci\u0142 do Formu\u0142y 1, startuj\u0105c dla zespo\u0142u Williams. &#x1f3c1; \u201eNigdy nie straci\u0142em nadziei\u2026 Nic nie jest niemo\u017cliwe&#8221; \u2014 powiedzia\u0142.<\/p>\n\n\n\n<p class=\"wp-block-paragraph\">Jego walka nie sko\u0144czy\u0142a si\u0119 na tym. W kolejnych latach odnalaz\u0142 si\u0119 w wy\u015bcigach d\u0142ugodystansowych, a jego historia si\u0119gn\u0119\u0142a pi\u0119knego zwie\u0144czenia, gdy triumfowa\u0142 w legendarnym 24-godzinnym wy\u015bcigu Le Mans. &#x1f3c6;&#x2728;<\/p>\n\n\n\n<p class=\"wp-block-paragraph\">Robert Kubica to dow\u00f3d na to, \u017ce ludzka wola potrafi pokona\u0107 nawet najczarniejszy scenariusz. Straci\u0142 tak wiele \u2014 a mimo to nigdy si\u0119 nie podda\u0142. &#x1f64f;&#x2764;&#xfe0f;<\/p>\n\n\n\n<p class=\"wp-block-paragraph\">A Ty pami\u0119tasz Roberta z jego najlepszych lat w F1? &#x1f447; Napisz w komentarzu, co czujesz, gdy s\u0142yszysz jego histori\u0119. &#x1f1f5;&#x1f1f1;<\/p>\n","protected":false},"excerpt":{"rendered":"By\u0142 rok 2011. Kubica by\u0142 u szczytu formy \u2014 uznawany za jednego z najszybszych i najbardziej utalentowanych kierowc\u00f3w na \u015bwiecie, szykowa\u0142 si\u0119 do \n<a class=\"moretag\" href=\"https:\/\/story24.biz.ua\/?p=28932\"> [...]<\/a>","protected":false},"author":1,"featured_media":28933,"comment_status":"open","ping_status":"open","sticky":false,"template":"","format":"standard","meta":{"footnotes":""},"categories":[1],"tags":[],"class_list":["post-28932","post","type-post","status-publish","format-standard","has-post-thumbnail","hentry","category-blog"],"_links":{"self":[{"href":"https:\/\/story24.biz.ua\/index.php?rest_route=\/wp\/v2\/posts\/28932","targetHints":{"allow":["GET"]}}],"collection":[{"href":"https:\/\/story24.biz.ua\/index.php?rest_route=\/wp\/v2\/posts"}],"about":[{"href":"https:\/\/story24.biz.ua\/index.php?rest_route=\/wp\/v2\/types\/post"}],"author":[{"embeddable":true,"href":"https:\/\/story24.biz.ua\/index.php?rest_route=\/wp\/v2\/users\/1"}],"replies":[{"embeddable":true,"href":"https:\/\/story24.biz.ua\/index.php?rest_route=%2Fwp%2Fv2%2Fcomments&post=28932"}],"version-history":[{"count":1,"href":"https:\/\/story24.biz.ua\/index.php?rest_route=\/wp\/v2\/posts\/28932\/revisions"}],"predecessor-version":[{"id":28934,"href":"https:\/\/story24.biz.ua\/index.php?rest_route=\/wp\/v2\/posts\/28932\/revisions\/28934"}],"wp:featuredmedia":[{"embeddable":true,"href":"https:\/\/story24.biz.ua\/index.php?rest_route=\/wp\/v2\/media\/28933"}],"wp:attachment":[{"href":"https:\/\/story24.biz.ua\/index.php?rest_route=%2Fwp%2Fv2%2Fmedia&parent=28932"}],"wp:term":[{"taxonomy":"category","embeddable":true,"href":"https:\/\/story24.biz.ua\/index.php?rest_route=%2Fwp%2Fv2%2Fcategories&post=28932"},{"taxonomy":"post_tag","embeddable":true,"href":"https:\/\/story24.biz.ua\/index.php?rest_route=%2Fwp%2Fv2%2Ftags&post=28932"}],"curies":[{"name":"wp","href":"https:\/\/api.w.org\/{rel}","templated":true}]}}