{"id":28929,"date":"2026-09-03T08:07:49","date_gmt":"2026-09-03T08:07:49","guid":{"rendered":"https:\/\/story24.biz.ua\/?p=28929"},"modified":"2026-09-03T08:07:49","modified_gmt":"2026-09-03T08:07:49","slug":"malo-kto-wie-ze-za-genialna-poruszajaca-muzyka-leszka-mozdzera-jednego-z-najwybitniejszych-pianistow-jazzowych-w-polsce-i-na-swiecie-%f0%9f%8e%b9%e2%9c%a8-kryje-sie-bardzo-trudny","status":"publish","type":"post","link":"https:\/\/story24.biz.ua\/?p=28929","title":{"rendered":"Ma\u0142o kto wie, \u017ce za genialn\u0105, poruszaj\u0105c\u0105 muzyk\u0105 Leszka Mo\u017cd\u017cera \u2014 jednego z najwybitniejszych pianist\u00f3w jazzowych w Polsce i na \u015bwiecie &#x1f3b9;&#x2728; \u2014 kryje si\u0119 bardzo trudny, mroczny rozdzia\u0142 jego \u017cycia. &#x1f494;"},"content":{"rendered":"\n<p class=\"wp-block-paragraph\">Gdy ca\u0142y \u015bwiat zatrzyma\u0142 si\u0119 podczas pandemii, a sceny koncertowe opustosza\u0142y, mistrz fortepianu stan\u0105\u0142 przed jednym z najwi\u0119kszych wyzwa\u0144, jakie mog\u0105 spotka\u0107 artyst\u0119. <\/p>\n\n\n\n<p class=\"wp-block-paragraph\">Pracowa\u0142 wtedy nad swoim albumem \u201eComposites&#8221;, ale zamiast natchnienia i tw\u00f3rczej energii \u2014 poczu\u0142 ogromn\u0105, przyt\u0142aczaj\u0105c\u0105 pustk\u0119. &#x1f614;<\/p>\n\n\n\n<p class=\"wp-block-paragraph\">\u201eBy\u0142em w g\u0142\u0119bokiej depresji, nie czu\u0142em \u017cadnej si\u0142y tw\u00f3rczej ani inspiracji, a terminy nieub\u0142aganie si\u0119 zbli\u017ca\u0142y&#8221; \u2014 wyzna\u0142 szczerze i odwa\u017cnie Mo\u017cd\u017cer. &#x1f940;<\/p>\n\n\n\n<p class=\"wp-block-paragraph\">Wyobra\u017acie sobie ten ci\u0119\u017car. Cz\u0142owiek, kt\u00f3rego ca\u0142y \u015bwiat zna z niezwyk\u0142ej wra\u017cliwo\u015bci, wyobra\u017ani i muzycznego geniuszu, siada przy fortepianie i\u2026 nie czuje nic. Instrument, kt\u00f3ry przez ca\u0142e \u017cycie by\u0142 jego schronieniem, jego g\u0142osem i przyjacielem, nagle wydawa\u0142 si\u0119 zimny i obcy. &#x1f3b9;&#x1f4a7; Ka\u017cdy dzie\u0144 by\u0142 walk\u0105 \u2014 nie o kolejny sukces, lecz o odzyskanie samego siebie.<\/p>\n\n\n\n<p class=\"wp-block-paragraph\">Depresja nie wybiera. Nie omija ludzi utalentowanych, s\u0142awnych ani podziwianych. Mo\u017ce dotkn\u0105\u0107 ka\u017cdego \u2014 nawet kogo\u015b, kto na scenie wydaje si\u0119 niezniszczalny. I w\u0142a\u015bnie dlatego szczero\u015b\u0107 Mo\u017cd\u017cera jest tak wa\u017cna. Pokaza\u0142, \u017ce za owacjami i brawami czasem kryje si\u0119 cichy, samotny b\u00f3l, o kt\u00f3rym trudno m\u00f3wi\u0107. &#x1f499;<\/p>\n\n\n\n<p class=\"wp-block-paragraph\">A jednak nie podda\u0142 si\u0119. Mimo ciemno\u015bci, mimo braku si\u0142 i wewn\u0119trznej walki, Leszek Mo\u017cd\u017cer ka\u017cdego dnia na nowo siada\u0142 do instrumentu. Krok po kroku, d\u017awi\u0119k po d\u017awi\u0119ku, nuta po nucie \u2014 tworzy\u0142 dalej. I to w\u0142a\u015bnie z tego cierpienia, z tej wewn\u0119trznej burzy, narodzi\u0142 si\u0119 album, kt\u00f3ry p\u00f3\u017aniej poruszy\u0142 serca s\u0142uchaczy na ca\u0142ym \u015bwiecie. &#x1f30d;&#x2728;<\/p>\n\n\n\n<p class=\"wp-block-paragraph\">Ta historia przypomina nam o czym\u015b naprawd\u0119 wa\u017cnym. Nawet najwi\u0119ksi arty\u015bci, kt\u00f3rych podziwiamy, prze\u017cywaj\u0105 chwile zw\u0105tpienia, smutku i cierpienia. Si\u0142a nie polega na tym, by nigdy nie upa\u015b\u0107 \u2014 lecz na tym, by podnie\u015b\u0107 si\u0119 mimo wszystko. &#x1f4aa;&#x2764;&#xfe0f; Mo\u017cd\u017cer nie tylko wr\u00f3ci\u0142 do muzyki. Wr\u00f3ci\u0142 silniejszy, a jego d\u017awi\u0119ki nios\u0105 dzi\u015b jeszcze wi\u0119cej g\u0142\u0119bi i prawdy.<\/p>\n\n\n\n<p class=\"wp-block-paragraph\">To dow\u00f3d, \u017ce nawet z najciemniejszej nocy mo\u017ce narodzi\u0107 si\u0119 pi\u0119kno. &#x1f305;&#x1f3b9;<\/p>\n\n\n\n<p class=\"wp-block-paragraph\">A Ty s\u0142ucha\u0142e\u015b kiedy\u015b muzyki Leszka Mo\u017cd\u017cera? &#x1f447; Napisz w komentarzu, kt\u00f3ry utw\u00f3r porusza Ci\u0119 najbardziej i doda Ci si\u0142 w trudnych chwilach. &#x1f3b9;&#x1f49b;<\/p>\n","protected":false},"excerpt":{"rendered":"Gdy ca\u0142y \u015bwiat zatrzyma\u0142 si\u0119 podczas pandemii, a sceny koncertowe opustosza\u0142y, mistrz fortepianu stan\u0105\u0142 przed jednym z najwi\u0119kszych wyzwa\u0144, jakie mog\u0105 spotka\u0107 artyst\u0119. \n<a class=\"moretag\" href=\"https:\/\/story24.biz.ua\/?p=28929\"> [...]<\/a>","protected":false},"author":1,"featured_media":28930,"comment_status":"open","ping_status":"open","sticky":false,"template":"","format":"standard","meta":{"footnotes":""},"categories":[1],"tags":[],"class_list":["post-28929","post","type-post","status-publish","format-standard","has-post-thumbnail","hentry","category-blog"],"_links":{"self":[{"href":"https:\/\/story24.biz.ua\/index.php?rest_route=\/wp\/v2\/posts\/28929","targetHints":{"allow":["GET"]}}],"collection":[{"href":"https:\/\/story24.biz.ua\/index.php?rest_route=\/wp\/v2\/posts"}],"about":[{"href":"https:\/\/story24.biz.ua\/index.php?rest_route=\/wp\/v2\/types\/post"}],"author":[{"embeddable":true,"href":"https:\/\/story24.biz.ua\/index.php?rest_route=\/wp\/v2\/users\/1"}],"replies":[{"embeddable":true,"href":"https:\/\/story24.biz.ua\/index.php?rest_route=%2Fwp%2Fv2%2Fcomments&post=28929"}],"version-history":[{"count":1,"href":"https:\/\/story24.biz.ua\/index.php?rest_route=\/wp\/v2\/posts\/28929\/revisions"}],"predecessor-version":[{"id":28931,"href":"https:\/\/story24.biz.ua\/index.php?rest_route=\/wp\/v2\/posts\/28929\/revisions\/28931"}],"wp:featuredmedia":[{"embeddable":true,"href":"https:\/\/story24.biz.ua\/index.php?rest_route=\/wp\/v2\/media\/28930"}],"wp:attachment":[{"href":"https:\/\/story24.biz.ua\/index.php?rest_route=%2Fwp%2Fv2%2Fmedia&parent=28929"}],"wp:term":[{"taxonomy":"category","embeddable":true,"href":"https:\/\/story24.biz.ua\/index.php?rest_route=%2Fwp%2Fv2%2Fcategories&post=28929"},{"taxonomy":"post_tag","embeddable":true,"href":"https:\/\/story24.biz.ua\/index.php?rest_route=%2Fwp%2Fv2%2Ftags&post=28929"}],"curies":[{"name":"wp","href":"https:\/\/api.w.org\/{rel}","templated":true}]}}