{"id":28894,"date":"2026-09-02T16:22:01","date_gmt":"2026-09-02T16:22:01","guid":{"rendered":"https:\/\/story24.biz.ua\/?p=28894"},"modified":"2026-09-02T16:22:01","modified_gmt":"2026-09-02T16:22:01","slug":"horror-w-new-jersey-ten-aktor-z-kultowego-serialu-zginal-w-plomieniach-plonacego-domu-wraz-ze-swoja-zona","status":"publish","type":"post","link":"https:\/\/story24.biz.ua\/?p=28894","title":{"rendered":"Horror w New Jersey: Ten aktor z kultowego serialu zgin\u0105\u0142 w p\u0142omieniach p\u0142on\u0105cego domu wraz ze swoj\u0105 \u017con\u0105"},"content":{"rendered":"\n<p class=\"wp-block-paragraph\">We wtorek 16 czerwca w nocy Paul Avery, aktor znany z roli w popularnym serialu \u201e\u00a0<em>Wszystkie<\/em>\u00a0moje\u00a0<em>dzieci\u201d<\/em>\u00a0, zmar\u0142 wraz z \u017con\u0105 Sheil\u0105. <\/p>\n\n\n\n<p class=\"wp-block-paragraph\">W ich domu w Blairstown w stanie New Jersey wybuch\u0142 po\u017car. Aktor mia\u0142 81 lat.<\/p>\n\n\n\n<p class=\"wp-block-paragraph\">Ta straszna wiadomo\u015b\u0107 zdruzgota\u0142a fan\u00f3w ameryka\u0144skiej opery mydlanej. <\/p>\n\n\n\n<p class=\"wp-block-paragraph\">Paul Avery by\u0142 szczeg\u00f3lnie znany z roli Hughiego, barmana w Foxy&#8217;s, przez prawie dwana\u015bcie lat.<\/p>\n\n\n\n<p class=\"wp-block-paragraph\">Jego \u017cona, Sheila Avery, r\u00f3wnie\u017c zgin\u0119\u0142a w tej tragedii. Ich c\u00f3rka, Kyle Avery, potwierdzi\u0142a \u015bmier\u0107 rodzic\u00f3w w szczeg\u00f3lnie poruszaj\u0105cym wpisie opublikowanym na Facebooku.<\/p>\n\n\n\n<h2 class=\"wp-block-heading\">Paul Avery i jego \u017cona zgin\u0119li w po\u017carze domu.<\/h2>\n\n\n\n<p class=\"wp-block-paragraph\">Po\u017car wybuch\u0142 w domu pary, przy Mohican Road w Blairstown. S\u0142u\u017cby ratunkowe zosta\u0142y powiadomione kr\u00f3tko po godzinie 00:38 we wtorek, 16 czerwca.<\/p>\n\n\n\n<p class=\"wp-block-paragraph\">Po dotarciu na miejsce zdarzenia stra\u017cacy szybko weszli do domu. Zastali tam dwie osoby w stanie krytycznym.<\/p>\n\n\n\n<p class=\"wp-block-paragraph\">Paul i Sheila Avery zostali znalezieni nieprzytomni. Ratownicy medyczni podj\u0119li pr\u00f3b\u0119 reanimacji, stosuj\u0105c resuscytacj\u0119 kr\u0105\u017ceniowo-oddechow\u0105.<\/p>\n\n\n\n<p class=\"wp-block-paragraph\">Niestety, ich wysi\u0142ki nie przynios\u0142y skutku. Para zmar\u0142a po ewakuacji z domu, jak donosi\u00a0<em>Ridge View Echo<\/em>\u00a0, portal medialny, kt\u00f3rego wsp\u00f3\u0142za\u0142o\u017cycielem by\u0142 Paul Avery.<a href=\"https:\/\/celebfrance.org\/un-couple-de-40-ans-met-fin-a-ses-jours-en-se-decapitant-leurs-enfants-rentrent-dans-la-maison-et-voient-la-scene\/\"><\/a><\/p>\n\n\n\n<p class=\"wp-block-paragraph\">O godzinie 1:03 po\u017car uznano za opanowany. Dok\u0142adne okoliczno\u015bci, kt\u00f3re spowodowa\u0142y po\u017car, nie s\u0105 jeszcze znane.<\/p>\n\n\n\n<p class=\"wp-block-paragraph\">W\u0142adze poinformowa\u0142y, \u017ce nadal trwa dochodzenie maj\u0105ce na celu ustalenie przyczyn tragedii.<\/p>\n\n\n\n<h2 class=\"wp-block-heading\">Ich c\u00f3rka Kyle Avery potwierdzi\u0142a straszn\u0105 nowin\u0119<\/h2>\n\n\n\n<p class=\"wp-block-paragraph\">Po \u015bmierci pary, ich c\u00f3rka Kyle Avery oficjalnie poinformowa\u0142a na Facebooku o \u015bmierci rodzic\u00f3w.<\/p>\n\n\n\n<p class=\"wp-block-paragraph\">\u201eZ ogromnym smutkiem informuj\u0119 o \u015bmierci naszych rodzic\u00f3w, Paula i Sheili Garry Avery, kt\u00f3ra nast\u0105pi\u0142a dzi\u015b rano\u201d \u2013 napisa\u0142a.<\/p>\n\n\n\n<p class=\"wp-block-paragraph\">Nast\u0119pnie m\u00f3wi\u0142a o mi\u0142o\u015bci, kt\u00f3ra \u0142\u0105czy\u0142a r\u00f3\u017cnych cz\u0142onk\u00f3w rodziny. \u201eKochali\u015bmy ich tak bardzo, a oni kochali nas tak bardzo, i nikt nigdy w to nie w\u0105tpi\u0142\u201d.<\/p>\n\n\n\n<p class=\"wp-block-paragraph\">Kyle Avery wyrazi\u0142a r\u00f3wnie\u017c wdzi\u0119czno\u015b\u0107 s\u0142u\u017cbom ratunkowym zmobilizowanym podczas po\u017caru. \u201eJeste\u015bmy wdzi\u0119czni stra\u017cy po\u017carnej z Blairstown za ich wysi\u0142ki\u201d \u2013 doda\u0142a.<\/p>\n\n\n\n<p class=\"wp-block-paragraph\">C\u00f3rka pary w ko\u0144cu wyja\u015bni\u0142a, \u017ce \u200b\u200binformacje dotycz\u0105ce ceremonii pogrzebowej zostan\u0105 wkr\u00f3tce opublikowane.<\/p>\n\n\n\n<h2 class=\"wp-block-heading\">Ratownikom nie uda\u0142o si\u0119 uratowa\u0107 pary<\/h2>\n\n\n\n<p class=\"wp-block-paragraph\">Jak podaj\u0105 magazyny&nbsp;<em>People<\/em>&nbsp;i&nbsp;<em>The Independent<\/em>&nbsp;, stra\u017c po\u017carn\u0105 wezwano po otrzymaniu zg\u0142oszenia tu\u017c po p\u00f3\u0142nocy.<\/p>\n\n\n\n<p class=\"wp-block-paragraph\">Kiedy przybyli na miejsce, po\u017car obj\u0105\u0142 ju\u017c dom Paula i Sheili Avery. Wtedy do budynku wesz\u0142y s\u0142u\u017cby ratunkowe.<\/p>\n\n\n\n<p class=\"wp-block-paragraph\">Dw\u00f3ch pasa\u017cer\u00f3w zosta\u0142o znalezionych nieprzytomnych i w stanie krytycznym. Natychmiast podj\u0119to resuscytacj\u0119 kr\u0105\u017ceniowo-oddechow\u0105.<\/p>\n\n\n\n<figure class=\"wp-block-image is-resized\"><img decoding=\"async\" src=\"https:\/\/celebfrance.org\/wp-content\/uploads\/2026\/09\/ef66645fc143ca68b4d300a05a9f85f6ed44b7d6436899e73201b2b3fb7304c0.png\" alt=\"\" class=\"wp-image-37019\" style=\"aspect-ratio:0.8900523560209425;width:680px;height:auto\"\/><\/figure>\n\n\n\n<p class=\"wp-block-paragraph\">Pomimo interwencji Paul i Sheila Avery nie prze\u017cyli. Po\u017car uda\u0142o si\u0119 ostatecznie opanowa\u0107 o godzinie 1:03.<\/p>\n\n\n\n<p class=\"wp-block-paragraph\">\u015aledztwo musi teraz ustali\u0107, jak dosz\u0142o do po\u017caru. Nie podano jeszcze ostatecznej przyczyny.<\/p>\n\n\n\n<p class=\"wp-block-paragraph\">Ta strata nagle zako\u0144czy\u0142a wyj\u0105tkowo bogate \u017cycie Paula Avery&#8217;ego. Aktor rzeczywi\u015bcie cieszy\u0142 si\u0119 wieloma karierami w swoim \u017cyciu.<\/p>\n\n\n\n<h2 class=\"wp-block-heading\">Paul Avery zagra\u0142 g\u0142\u00f3wn\u0105 rol\u0119 w filmie&nbsp;<em>\u201eWszystkie moje dzieci\u201d<\/em><\/h2>\n\n\n\n<p class=\"wp-block-paragraph\">Paul Avery rozpocz\u0105\u0142 karier\u0119 aktorsk\u0105 w latach 70. XX wieku. W 1978 roku zdoby\u0142 znacz\u0105c\u0105 rol\u0119 w filmie&nbsp;<em>Superman<\/em>&nbsp;.<\/p>\n\n\n\n<p class=\"wp-block-paragraph\">Gra\u0142 tam operatora kamery. Jednak to g\u0142\u00f3wnie dzi\u0119ki telewizji jego twarz sta\u0142a si\u0119 znana publiczno\u015bci.<\/p>\n\n\n\n<p class=\"wp-block-paragraph\">Aktor wyst\u0105pi\u0142 w ameryka\u0144skiej operze mydlanej&nbsp;<em>\u201eAll My Children\u201d<\/em>&nbsp;, znanej we Francji jako&nbsp;<em>\u201eLa Force du destin\u201d<\/em>&nbsp;. Zagra\u0142 Hughiego, barmana w Foxy&#8217;s.<\/p>\n\n\n\n<p class=\"wp-block-paragraph\">Paul Avery pozosta\u0142 w serialu przez prawie dwana\u015bcie lat. Ta rola sta\u0142a si\u0119 jedn\u0105 z najwa\u017cniejszych w jego karierze.<a href=\"https:\/\/celebfrance.org\/affaire-betharram-francois-bayrou-menace-emmanuel-macron-reagit-aux-revelations\/\"><\/a><\/p>\n\n\n\n<p class=\"wp-block-paragraph\">Jego kariera aktorska nie ogranicza\u0142a si\u0119 jednak wy\u0142\u0105cznie do tej fikcyjnej roli. Wed\u0142ug magazynu&nbsp;<em>\u201eSoap Opera Digest\u201d<\/em>&nbsp;wyst\u0105pi\u0142 r\u00f3wnie\u017c w ponad 300 reklamach.<\/p>\n\n\n\n<h2 class=\"wp-block-heading\">Kariera r\u00f3wnie\u017c po\u015bwi\u0119cona dziennikarstwu<\/h2>\n\n\n\n<p class=\"wp-block-paragraph\">Opr\u00f3cz kariery aktorskiej, Paul Avery rozwin\u0105\u0142 znacz\u0105c\u0105 karier\u0119 dziennikarsk\u0105. Pracowa\u0142 dla kilku medi\u00f3w w New Jersey.<\/p>\n\n\n\n<p class=\"wp-block-paragraph\">Przez siedem lat pisa\u0142 recenzje filmowe dla \u201e&nbsp;<em>New Jersey Herald\u201d<\/em>&nbsp;. Nast\u0119pnie zosta\u0142 reporterem w&nbsp;<em>\u201eGazette\u201d<\/em>&nbsp;w Hackettstown.<\/p>\n\n\n\n<p class=\"wp-block-paragraph\">Pe\u0142ni\u0105c t\u0119 \u200b\u200bfunkcj\u0119, relacjonowa\u0142 wydarzenia w pi\u0119ciu miastach. W trakcie swojej kariery piastowa\u0142 r\u00f3wnie\u017c kilka stanowisk redakcyjnych.<\/p>\n","protected":false},"excerpt":{"rendered":"We wtorek 16 czerwca w nocy Paul Avery, aktor znany z roli w popularnym serialu \u201e\u00a0Wszystkie\u00a0moje\u00a0dzieci\u201d\u00a0, zmar\u0142 wraz z \u017con\u0105 Sheil\u0105. W ich \n<a class=\"moretag\" href=\"https:\/\/story24.biz.ua\/?p=28894\"> [...]<\/a>","protected":false},"author":1,"featured_media":28895,"comment_status":"open","ping_status":"open","sticky":false,"template":"","format":"standard","meta":{"footnotes":""},"categories":[1],"tags":[],"class_list":["post-28894","post","type-post","status-publish","format-standard","has-post-thumbnail","hentry","category-blog"],"_links":{"self":[{"href":"https:\/\/story24.biz.ua\/index.php?rest_route=\/wp\/v2\/posts\/28894","targetHints":{"allow":["GET"]}}],"collection":[{"href":"https:\/\/story24.biz.ua\/index.php?rest_route=\/wp\/v2\/posts"}],"about":[{"href":"https:\/\/story24.biz.ua\/index.php?rest_route=\/wp\/v2\/types\/post"}],"author":[{"embeddable":true,"href":"https:\/\/story24.biz.ua\/index.php?rest_route=\/wp\/v2\/users\/1"}],"replies":[{"embeddable":true,"href":"https:\/\/story24.biz.ua\/index.php?rest_route=%2Fwp%2Fv2%2Fcomments&post=28894"}],"version-history":[{"count":1,"href":"https:\/\/story24.biz.ua\/index.php?rest_route=\/wp\/v2\/posts\/28894\/revisions"}],"predecessor-version":[{"id":28896,"href":"https:\/\/story24.biz.ua\/index.php?rest_route=\/wp\/v2\/posts\/28894\/revisions\/28896"}],"wp:featuredmedia":[{"embeddable":true,"href":"https:\/\/story24.biz.ua\/index.php?rest_route=\/wp\/v2\/media\/28895"}],"wp:attachment":[{"href":"https:\/\/story24.biz.ua\/index.php?rest_route=%2Fwp%2Fv2%2Fmedia&parent=28894"}],"wp:term":[{"taxonomy":"category","embeddable":true,"href":"https:\/\/story24.biz.ua\/index.php?rest_route=%2Fwp%2Fv2%2Fcategories&post=28894"},{"taxonomy":"post_tag","embeddable":true,"href":"https:\/\/story24.biz.ua\/index.php?rest_route=%2Fwp%2Fv2%2Ftags&post=28894"}],"curies":[{"name":"wp","href":"https:\/\/api.w.org\/{rel}","templated":true}]}}