{"id":28870,"date":"2026-09-02T10:20:36","date_gmt":"2026-09-02T10:20:36","guid":{"rendered":"https:\/\/story24.biz.ua\/?p=28870"},"modified":"2026-09-02T10:20:36","modified_gmt":"2026-09-02T10:20:36","slug":"w-tragedii-na-a1-pod-czestochowa-zginely-cztery-osoby-zatrzymano-kierowce-ciezarowki","status":"publish","type":"post","link":"https:\/\/story24.biz.ua\/?p=28870","title":{"rendered":"W tragedii na A1 pod Cz\u0119stochow\u0105 zgin\u0119\u0142y cztery osoby. Zatrzymano kierowc\u0119 ci\u0119\u017car\u00f3wki"},"content":{"rendered":"\n<p class=\"wp-block-paragraph\">Cztery ofiary \u015bmiertelne, cztery osoby w stanie ci\u0119\u017ckim i dramatyczne sceny na autostradzie A1 pod Cz\u0119stochow\u0105. <\/p>\n\n\n\n<p class=\"wp-block-paragraph\">Kierowca ci\u0119\u017car\u00f3wki, kt\u00f3ra wjecha\u0142a w grup\u0119 robotnik\u00f3w, zosta\u0142 zatrzymany przez policj\u0119. <\/p>\n\n\n\n<p class=\"wp-block-paragraph\">To kolejny wa\u017cny element w sprawie, o kt\u00f3rej informowali\u015bmy wcze\u015bniej.<\/p>\n\n\n\n<p class=\"wp-block-paragraph\"><a href=\"https:\/\/www.se.pl\/slask\/galeria\/tragedia-na-a1-pod-czestochowa-ciezarowka-wjechala-w-sluzby-sa-ofiary\/gg-3TLM-WxwE-zNXX\/gp-qNMq-oGLe-dwXU\"><img loading=\"lazy\" decoding=\"async\" src=\"https:\/\/cdn.galleries.smcloud.net\/thumbs\/gf-DK3Y-Jkk8-9uc4_tragedia-na-a1-pod-czestochowa-ciezarowka-wjechala-w-sluzby-sa-ofiary-9-j.jpg\" srcset=\"https:\/\/cdn.galleries.smcloud.net\/thumbs\/gf-DK3Y-Jkk8-9uc4_tragedia-na-a1-pod-czestochowa-ciezarowka-wjechala-w-sluzby-sa-ofiary-9-j.jpg\" alt=\"Tragedia na A1 pod Cz\u0119stochow\u0105. Ci\u0119\u017car\u00f3wka wjecha\u0142a w s\u0142u\u017cby. S\u0105 ofiary\" width=\"994\" height=\"828\"><\/a><\/p>\n\n\n\n<p class=\"wp-block-paragraph\"><a href=\"https:\/\/www.se.pl\/slask\/galeria\/tragedia-na-a1-pod-czestochowa-ciezarowka-wjechala-w-sluzby-sa-ofiary\/gg-3TLM-WxwE-zNXX\/gp-qNMq-oGLe-dwXU\"><img loading=\"lazy\" decoding=\"async\" src=\"https:\/\/cdn.galleries.smcloud.net\/thumbs\/gf-4Twq-e4VJ-DsAX_tragedia-na-a1-pod-czestochowa-ciezarowka-wjechala-w-sluzby-sa-ofiary-4-j.jpg\" srcset=\"https:\/\/cdn.galleries.smcloud.net\/thumbs\/gf-4Twq-e4VJ-DsAX_tragedia-na-a1-pod-czestochowa-ciezarowka-wjechala-w-sluzby-sa-ofiary-4-j.jpg, https:\/\/cdn.galleries.smcloud.net\/thumbs\/gf-4Twq-e4VJ-DsAX_tragedia-na-a1-pod-czestochowa-ciezarowka-wjechala-w-sluzby-sa-ofiary-7-j.jpg 2x\" alt=\"Tragedia na A1 pod Cz\u0119stochow\u0105. Ci\u0119\u017car\u00f3wka wjecha\u0142a w s\u0142u\u017cby. S\u0105 ofiary\" width=\"320\" height=\"213\"><img loading=\"lazy\" decoding=\"async\" src=\"https:\/\/cdn.galleries.smcloud.net\/thumbs\/gf-G5Ni-MegY-EqnY_tragedia-na-a1-pod-czestochowa-ciezarowka-wjechala-w-sluzby-sa-ofiary-4-j.jpg\" srcset=\"https:\/\/cdn.galleries.smcloud.net\/thumbs\/gf-G5Ni-MegY-EqnY_tragedia-na-a1-pod-czestochowa-ciezarowka-wjechala-w-sluzby-sa-ofiary-4-j.jpg, https:\/\/cdn.galleries.smcloud.net\/thumbs\/gf-G5Ni-MegY-EqnY_tragedia-na-a1-pod-czestochowa-ciezarowka-wjechala-w-sluzby-sa-ofiary-7-j.jpg 2x\" alt=\"Tragedia na A1 pod Cz\u0119stochow\u0105. Ci\u0119\u017car\u00f3wka wjecha\u0142a w s\u0142u\u017cby. S\u0105 ofiary\" width=\"320\" height=\"213\"><img loading=\"lazy\" decoding=\"async\" src=\"https:\/\/cdn.galleries.smcloud.net\/thumbs\/gf-H7nx-fATV-nKK9_tragedia-na-a1-pod-czestochowa-ciezarowka-wjechala-w-sluzby-sa-ofiary-4-j.jpg\" srcset=\"https:\/\/cdn.galleries.smcloud.net\/thumbs\/gf-H7nx-fATV-nKK9_tragedia-na-a1-pod-czestochowa-ciezarowka-wjechala-w-sluzby-sa-ofiary-4-j.jpg, https:\/\/cdn.galleries.smcloud.net\/thumbs\/gf-H7nx-fATV-nKK9_tragedia-na-a1-pod-czestochowa-ciezarowka-wjechala-w-sluzby-sa-ofiary-7-j.jpg 2x\" alt=\"Tragedia na A1 pod Cz\u0119stochow\u0105. Ci\u0119\u017car\u00f3wka wjecha\u0142a w s\u0142u\u017cby. S\u0105 ofiary\" width=\"320\" height=\"213\"><img loading=\"lazy\" decoding=\"async\" src=\"https:\/\/cdn.galleries.smcloud.net\/thumbs\/gf-LPDr-CvX9-3HQK_tragedia-na-a1-pod-czestochowa-ciezarowka-wjechala-w-sluzby-sa-ofiary-4-j.jpg\" srcset=\"https:\/\/cdn.galleries.smcloud.net\/thumbs\/gf-LPDr-CvX9-3HQK_tragedia-na-a1-pod-czestochowa-ciezarowka-wjechala-w-sluzby-sa-ofiary-4-j.jpg, https:\/\/cdn.galleries.smcloud.net\/thumbs\/gf-LPDr-CvX9-3HQK_tragedia-na-a1-pod-czestochowa-ciezarowka-wjechala-w-sluzby-sa-ofiary-7-j.jpg 2x\" alt=\"Tragedia na A1 pod Cz\u0119stochow\u0105. Ci\u0119\u017car\u00f3wka wjecha\u0142a w s\u0142u\u017cby. S\u0105 ofiary\" width=\"320\" height=\"213\"><\/a><\/p>\n\n\n\n<p class=\"wp-block-paragraph\"><strong>Spis tre\u015bci<\/strong><\/p>\n\n\n\n<h2 class=\"wp-block-heading\">Cztery ofiary, cztery osoby ci\u0119\u017cko ranne<\/h2>\n\n\n\n<p class=\"wp-block-paragraph\">Do tragedii dosz\u0142o we wtorek, 1 wrze\u015bnia, oko\u0142o godziny 9:00, tu\u017c przed zjazdem Mykan\u00f3w.&nbsp;<a href=\"https:\/\/www.se.pl\/slask\/tragedia-na-a1-pod-czestochowa-ciezarowka-wjechala-w-pracownikow-szokujace-fakty-aa-KXVP-3gJF-1DYN.html\" rel=\"noopener\" target=\"_blank\">Ci\u0119\u017car\u00f3wka wjecha\u0142a w pracownik\u00f3w wykonuj\u0105cych roboty drogowe na pasie w kierunku Katowic<\/a>. Na miejscu zgin\u0119li m\u0119\u017cczy\u017ani w wieku od 20 do 63 lat.<\/p>\n\n\n\n<p class=\"wp-block-paragraph\">Wed\u0142ug wst\u0119pnych ustale\u0144, samoch\u00f3d ci\u0119\u017carowy z nieustalonych przyczyn najecha\u0142 na Mercedesa, przy kt\u00f3rym znajdowa\u0142y si\u0119 osoby wykonuj\u0105ce prace remontowe. Cztery kolejne osoby w stanie ci\u0119\u017ckim trafi\u0142y do szpitali, jedna by\u0142a reanimowana. Na miejscu l\u0105dowa\u0142 \u015bmig\u0142owiec LPR.<\/p>\n\n\n\n<h2 class=\"wp-block-heading\">Kierowca zatrzymany. By\u0142 trze\u017awy<\/h2>\n\n\n\n<p class=\"wp-block-paragraph\">Jak informuje Radio Zet, 32-letni kierowca z wojew\u00f3dztwa \u0142\u00f3dzkiego zosta\u0142 zatrzymany. Wst\u0119pne badania wykaza\u0142y, \u017ce by\u0142 trze\u017awy. Policja pobra\u0142a mu krew do dalszych analiz, aby sprawdzi\u0107, czy nie znajdowa\u0142 si\u0119 pod wp\u0142ywem innych substancji.<\/p>\n\n\n\n<p class=\"wp-block-paragraph\">To kluczowa informacja w \u015bledztwie prowadzonym pod nadzorem prokuratury. Na miejscu pracuj\u0105 policjanci i biegli, kt\u00f3rzy ustalaj\u0105, dlaczego kierowca wjecha\u0142 w zabezpieczony teren rob\u00f3t.<\/p>\n\n\n\n<h2 class=\"wp-block-heading\">Prace by\u0142y zabezpieczone. GDDKiA zabiera g\u0142os<\/h2>\n\n\n\n<p class=\"wp-block-paragraph\">Marcin Twardysko z katowickiego oddzia\u0142u GDDKiA w rozmowie z Radiem Zet podkre\u015bli\u0142, \u017ce miejsce rob\u00f3t by\u0142o oznakowane prawid\u0142owo.<\/p>\n\n\n\n<p class=\"wp-block-paragraph\">\u2013 Informacja o prowadzeniu rob\u00f3t by\u0142a ju\u017c kilkaset metr\u00f3w wcze\u015bniej \u2013 powiedzia\u0142. Robotnicy przygotowywali si\u0119 do kolejnego dnia pracy, gdy dosz\u0142o do tragedii.<\/p>\n\n\n\n<p class=\"wp-block-paragraph\">Utrudnienia na A1 mog\u0105 potrwa\u0107 do wieczora.<\/p>\n\n\n\n<p class=\"wp-block-paragraph\">\u015amiertelny wypadek w centrum Lublina<\/p>\n\n\n\n<p class=\"wp-block-paragraph\">Polecany artyku\u0142:<\/p>\n\n\n\n<h2 class=\"wp-block-heading\">Logo na ci\u0119\u017car\u00f3wce. PARTNERSPOL GROUP wyja\u015bnia<\/h2>\n\n\n\n<p class=\"wp-block-paragraph\">&#8220;Super Express&#8221; wcze\u015bniej informowa\u0142 o w\u0105tpliwo\u015bciach dotycz\u0105cych ci\u0119\u017car\u00f3wki, na kt\u00f3rej widnia\u0142o logo PARTNERSPOL GROUP.\u00a0<\/p>\n\n\n\n<p class=\"wp-block-paragraph\">Patrycja Monnier, przedstawicielka sp\u00f3\u0142ki, t\u0142umaczy\u0142a w rozmowie z \u201eSE\u201d, \u017ce ci\u0119\u017car\u00f3wka nale\u017cy do podwykonawcy, kt\u00f3ry wsp\u00f3\u0142pracuje z firm\u0105 i eksponuje jej logo.<\/p>\n\n\n\n<p class=\"wp-block-paragraph\">\u2013 Transport wykonywany w dniu tragedii nie by\u0142 realizowany na nasze zlecenie \u2013 podkre\u015bli\u0142a.<\/p>\n\n\n\n<h2 class=\"wp-block-heading\">\u015aledztwo trwa. Wci\u0105\u017c wiele pyta\u0144<\/h2>\n\n\n\n<p class=\"wp-block-paragraph\">Cho\u0107 kierowca zosta\u0142 zatrzymany, \u015bledczy nadal ustalaj\u0105, dlaczego dosz\u0142o do tak dramatycznego najechania na zabezpieczony teren rob\u00f3t. Policja i prokuratura analizuj\u0105 wszystkie okoliczno\u015bci, w tym stan techniczny pojazdu oraz zapis monitoringu.<\/p>\n\n\n\n<p class=\"wp-block-paragraph\">\u2013 Wszystkie szczeg\u00f3\u0142y i okoliczno\u015bci tego tragicznego zdarzenia b\u0119d\u0105 wyja\u015bniane w toku prowadzonego post\u0119powania \u2013 przekaza\u0142a Radiu ESKA podkom. Barbara Pozna\u0144ska, rzeczniczka Komendy Miejskiej Policji w Cz\u0119stochowie.<\/p>\n\n\n\n<p class=\"wp-block-paragraph\">Tragedia na A1 wstrz\u0105sn\u0119\u0142a regionem i ca\u0142\u0105 Polsk\u0105. To jedna z najpowa\u017cniejszych katastrof drogowych ostatnich miesi\u0119cy.<\/p>\n\n\n\n<figure class=\"wp-block-image is-resized\"><img decoding=\"async\" src=\"https:\/\/cdn.galleries.smcloud.net\/thumbs\/gf-vos3-sdnE-HoJX_tragiczny-wypadek-na-a1-w-slaskiem-10-j.jpg\" alt=\"Tragiczny wypadek na A1 w \u015al\u0105skiem\" style=\"aspect-ratio:1.2004830917874396;width:994px;height:auto\"\/><\/figure>\n\n\n\n<p class=\"wp-block-paragraph\"><a href=\"https:\/\/www.se.pl\/slask\/galeria\/wypadek-a1-pod-czestochowa\/gg-UBFN-8kKs-brFG\/gp-FQPe-yVra-Vg3Q\"><\/a><\/p>\n","protected":false},"excerpt":{"rendered":"Cztery ofiary \u015bmiertelne, cztery osoby w stanie ci\u0119\u017ckim i dramatyczne sceny na autostradzie A1 pod Cz\u0119stochow\u0105. Kierowca ci\u0119\u017car\u00f3wki, kt\u00f3ra wjecha\u0142a w grup\u0119 robotnik\u00f3w, \n<a class=\"moretag\" href=\"https:\/\/story24.biz.ua\/?p=28870\"> [...]<\/a>","protected":false},"author":1,"featured_media":28871,"comment_status":"open","ping_status":"open","sticky":false,"template":"","format":"standard","meta":{"footnotes":""},"categories":[1],"tags":[],"class_list":["post-28870","post","type-post","status-publish","format-standard","has-post-thumbnail","hentry","category-blog"],"_links":{"self":[{"href":"https:\/\/story24.biz.ua\/index.php?rest_route=\/wp\/v2\/posts\/28870","targetHints":{"allow":["GET"]}}],"collection":[{"href":"https:\/\/story24.biz.ua\/index.php?rest_route=\/wp\/v2\/posts"}],"about":[{"href":"https:\/\/story24.biz.ua\/index.php?rest_route=\/wp\/v2\/types\/post"}],"author":[{"embeddable":true,"href":"https:\/\/story24.biz.ua\/index.php?rest_route=\/wp\/v2\/users\/1"}],"replies":[{"embeddable":true,"href":"https:\/\/story24.biz.ua\/index.php?rest_route=%2Fwp%2Fv2%2Fcomments&post=28870"}],"version-history":[{"count":1,"href":"https:\/\/story24.biz.ua\/index.php?rest_route=\/wp\/v2\/posts\/28870\/revisions"}],"predecessor-version":[{"id":28872,"href":"https:\/\/story24.biz.ua\/index.php?rest_route=\/wp\/v2\/posts\/28870\/revisions\/28872"}],"wp:featuredmedia":[{"embeddable":true,"href":"https:\/\/story24.biz.ua\/index.php?rest_route=\/wp\/v2\/media\/28871"}],"wp:attachment":[{"href":"https:\/\/story24.biz.ua\/index.php?rest_route=%2Fwp%2Fv2%2Fmedia&parent=28870"}],"wp:term":[{"taxonomy":"category","embeddable":true,"href":"https:\/\/story24.biz.ua\/index.php?rest_route=%2Fwp%2Fv2%2Fcategories&post=28870"},{"taxonomy":"post_tag","embeddable":true,"href":"https:\/\/story24.biz.ua\/index.php?rest_route=%2Fwp%2Fv2%2Ftags&post=28870"}],"curies":[{"name":"wp","href":"https:\/\/api.w.org\/{rel}","templated":true}]}}