{"id":28862,"date":"2026-09-02T09:50:16","date_gmt":"2026-09-02T09:50:16","guid":{"rendered":"https:\/\/story24.biz.ua\/?p=28862"},"modified":"2026-09-02T09:50:16","modified_gmt":"2026-09-02T09:50:16","slug":"ce-pompier-defigure-a-survecu-contre-toute-attente-decouvrez-son-visage-aujourdhui","status":"publish","type":"post","link":"https:\/\/story24.biz.ua\/?p=28862","title":{"rendered":"Ce pompier d\u00e9figur\u00e9 a surv\u00e9cu contre toute attente : d\u00e9couvrez son visage aujourd\u2019hui"},"content":{"rendered":"\n<p class=\"wp-block-paragraph\">Patrick Hardison, un pompier volontaire, \u00e9tait intervenu lors d\u2019un incendie en 2001. <\/p>\n\n\n\n<p class=\"wp-block-paragraph\">Jamais il n\u2019aurait pu s\u2019imaginer \u00e0 quel point ce jour bouleverserait sa vie. <\/p>\n\n\n\n<p class=\"wp-block-paragraph\">La maison en feu s\u2019est effondr\u00e9e sur lui, le br\u00fblant tr\u00e8s gravement sur le visage et le haut du corps. <\/p>\n\n\n\n<p class=\"wp-block-paragraph\">Depuis cette intervention, il a d\u00fb lutter contre la douleur, mais aussi faire face au regard des autres. <\/p>\n\n\n\n<p class=\"wp-block-paragraph\">Quelques ann\u00e9es plus tard, sa vie allait pourtant prendre un tournant inattendu.<\/p>\n\n\n\n<p class=\"wp-block-paragraph\">1\/10 Patrick Hardison est entr\u00e9 dans une maison en feu<\/p>\n\n\n\n<p class=\"wp-block-paragraph\">Le 5 septembre 2001, Patrick Hardison, pompier volontaire dans le Mississippi, se rend sur les lieux d\u2019un incendie domestique. Il pense qu&#8217;une femme est coinc\u00e9e \u00e0 l&#8217;int\u00e9rieur de la maison en feu et, prenant son courage \u00e0 deux mains, il p\u00e9n\u00e8tre dans le b\u00e2timent.<\/p>\n\n\n\n<figure class=\"wp-block-image is-resized\"><img decoding=\"async\" src=\"https:\/\/cdn.viepratique.fr\/wp-content\/uploads\/viepratique\/2025\/03\/1-104-400x220.jpg\" alt=\"\" style=\"aspect-ratio:1.8181818181818181;width:800px;height:auto\"\/><\/figure>\n\n\n\n<p class=\"wp-block-paragraph\">2\/10 De graves blessures<\/p>\n\n\n\n<p class=\"wp-block-paragraph\">Mais tr\u00e8s vite, le plafond s&#8217;\u00e9croule sur lui. Il est alors entour\u00e9 de flammes et son masque fond sur sa peau. Son tuyau se d\u00e9sagr\u00e8ge, mais par miracle, il parvient tout de m\u00eame \u00e0 s&#8217;\u00e9chapper par une fen\u00eatre. Patrick Hardison est s\u00e9v\u00e8rement bless\u00e9.<\/p>\n\n\n\n<figure class=\"wp-block-image is-resized\"><img decoding=\"async\" src=\"https:\/\/cdn.viepratique.fr\/wp-content\/uploads\/viepratique\/2025\/03\/2-102-400x220.jpg\" alt=\"\" style=\"aspect-ratio:1.8181818181818181;width:800px;height:auto\"\/><\/figure>\n\n\n\n<p class=\"wp-block-paragraph\">3\/10 Une grande partie du visage br\u00fbl\u00e9<\/p>\n\n\n\n<p class=\"wp-block-paragraph\">Le pompier a de nombreuses br\u00fblures au troisi\u00e8me degr\u00e9 sur tout le visage et le cuir chevelu, ses paupi\u00e8res, ses oreilles et ses l\u00e8vres ont disparu, ainsi qu&#8217;une grande partie de son nez.<\/p>\n\n\n\n<figure class=\"wp-block-image is-resized\"><img decoding=\"async\" src=\"https:\/\/cdn.viepratique.fr\/wp-content\/uploads\/viepratique\/2025\/03\/3-102-400x220.jpg\" alt=\"\" style=\"aspect-ratio:1.8181818181818181;width:800px;height:auto\"\/><\/figure>\n\n\n\n<p class=\"wp-block-paragraph\">4\/10 Un visage totalement d\u00e9form\u00e9<\/p>\n\n\n\n<p class=\"wp-block-paragraph\">Il survit, mais pendant des ann\u00e9es, Patrick doit affronter le regard des autres, effray\u00e9s par son visage d\u00e9form\u00e9. Ses propres enfants ont peur de lui et les adultes le d\u00e9visagent. Il d\u00e9cide de ne plus sortir sans une casquette de baseball, des proth\u00e8ses auditives et des lunettes de soleil.<\/p>\n\n\n\n<figure class=\"wp-block-image is-resized\"><img decoding=\"async\" src=\"https:\/\/cdn.viepratique.fr\/wp-content\/uploads\/viepratique\/2025\/03\/4-103-400x220.jpg\" alt=\"\" style=\"aspect-ratio:1.8181818181818181;width:800px;height:auto\"\/><\/figure>\n\n\n\n<p class=\"wp-block-paragraph\">5\/10 Pr\u00e8s de 70 op\u00e9rations chirurgicales<\/p>\n\n\n\n<p class=\"wp-block-paragraph\">De 2001 \u00e0 2015, Patrick Hardison subit pr\u00e8s de 70 interventions chirurgicales, mais son visage reste difforme. Mais le Dr Eduardo D. Rodriguez, chirurgien au NYU Langone Medical Center \u00e0 New York, propose \u00e0 Patrick une greffe de visage compl\u00e8te.<\/p>\n\n\n\n<figure class=\"wp-block-image is-resized\"><img decoding=\"async\" src=\"https:\/\/cdn.viepratique.fr\/wp-content\/uploads\/viepratique\/2025\/03\/5-96-400x220.jpg\" alt=\"\" style=\"aspect-ratio:1.8181818181818181;width:800px;height:auto\"\/><\/figure>\n\n\n\n<p class=\"wp-block-paragraph\">6\/10 50 % de chances de r\u00e9ussite<\/p>\n\n\n\n<p class=\"wp-block-paragraph\">Cette op\u00e9ration est extr\u00eamement complexe et risqu\u00e9e. Les chances de succ\u00e8s ne sont que de 50 %, mais Patrick accepte, voyant l\u00e0 une chance inesp\u00e9r\u00e9e de retrouver une vie \u00e0 peu pr\u00e8s normale.<\/p>\n\n\n\n<figure class=\"wp-block-image is-resized\"><img decoding=\"async\" src=\"https:\/\/cdn.viepratique.fr\/wp-content\/uploads\/viepratique\/2025\/03\/6-95-400x220.jpg\" alt=\"\" style=\"aspect-ratio:1.8181818181818181;width:800px;height:auto\"\/><\/figure>\n\n\n\n<p class=\"wp-block-paragraph\">7\/10 Le donneur a eu un tragique accident de v\u00e9lo<\/p>\n\n\n\n<p class=\"wp-block-paragraph\">Le donneur est un jeune homme de 26 ans. Il s&#8217;est retrouv\u00e9 dans un \u00e9tat v\u00e9g\u00e9tatif suite \u00e0 un accident de v\u00e9lo, mais il poss\u00e8de une compatibilit\u00e9 parfaite avec Patrick. Sa m\u00e8re, Nancy Millar, donne son accord pour que le visage de son fils puisse offrir une seconde chance \u00e0 Patrick.<\/p>\n\n\n\n<figure class=\"wp-block-image is-resized\"><img decoding=\"async\" src=\"https:\/\/cdn.viepratique.fr\/wp-content\/uploads\/viepratique\/2025\/03\/7-86-400x220.jpg\" alt=\"\" style=\"aspect-ratio:1.8181818181818181;width:800px;height:auto\"\/><\/figure>\n\n\n\n<p class=\"wp-block-paragraph\">8\/10 Une tr\u00e8s longue op\u00e9ration<\/p>\n\n\n\n<p class=\"wp-block-paragraph\">L&#8217;op\u00e9ration dure 26 heures et mobilise une \u00e9norme \u00e9quipe, plus de cent personnes ! Patrick se voit \u00e0 nouveau dot\u00e9 d&#8217;un cuir chevelu, d&#8217;oreilles, de paupi\u00e8res et de nouveaux os pour ses joues, son menton et son nez. Pour la premi\u00e8re fois depuis son accident, il peut cligner des yeux, sourire, transmettre des \u00e9motions. Il ne fait plus peur.<\/p>\n\n\n\n<figure class=\"wp-block-image is-resized\"><img decoding=\"async\" src=\"https:\/\/cdn.viepratique.fr\/wp-content\/uploads\/viepratique\/2025\/03\/8-80-400x220.jpg\" alt=\"\" style=\"aspect-ratio:1.8181818181818181;width:800px;height:auto\"\/><\/figure>\n\n\n\n<p class=\"wp-block-paragraph\">9\/10 Patrick Hardison ne regrette rien<\/p>\n\n\n\n<p class=\"wp-block-paragraph\">Bien s\u00fbr, la greffe est une op\u00e9ration tr\u00e8s lourde, et Patrick doit r\u00e9apprendre \u00e0 parler, \u00e0 manger et \u00e0 avaler. Mais l&#8217;ancien pompier ne regrette absolument pas, au contraire, il a eu l&#8217;impression de revivre.<\/p>\n\n\n\n<figure class=\"wp-block-image is-resized\"><img decoding=\"async\" src=\"https:\/\/cdn.viepratique.fr\/wp-content\/uploads\/viepratique\/2025\/03\/9-78-400x220.jpg\" alt=\"\" style=\"aspect-ratio:1.8181818181818181;width:800px;height:auto\"\/><\/figure>\n\n\n\n<p class=\"wp-block-paragraph\">10\/10 Patrick a retrouv\u00e9 une vie normale<\/p>\n\n\n\n<p class=\"wp-block-paragraph\">Aujourd&#8217;hui, il souhaite partager son exp\u00e9rience au plus grand nombre.&nbsp;<em>&#8220;Je veux montrer au monde qu\u2019il y a toujours de l\u2019espoir&#8221;<\/em>, confie-t-il. Il a retrouv\u00e9 une vie normale, peut sortir sans craindre d&#8217;effrayer les autres, et ses enfants n&#8217;ont plus peur de lui.<\/p>\n\n\n\n<figure class=\"wp-block-image is-resized\"><img decoding=\"async\" src=\"https:\/\/cdn.viepratique.fr\/wp-content\/uploads\/viepratique\/2025\/03\/10-78-400x220.jpg\" alt=\"\" style=\"aspect-ratio:1.8181818181818181;width:800px;height:auto\"\/><\/figure>\n","protected":false},"excerpt":{"rendered":"Patrick Hardison, un pompier volontaire, \u00e9tait intervenu lors d\u2019un incendie en 2001. Jamais il n\u2019aurait pu s\u2019imaginer \u00e0 quel point ce jour bouleverserait \n<a class=\"moretag\" href=\"https:\/\/story24.biz.ua\/?p=28862\"> [...]<\/a>","protected":false},"author":1,"featured_media":0,"comment_status":"open","ping_status":"open","sticky":false,"template":"","format":"standard","meta":{"footnotes":""},"categories":[1],"tags":[],"class_list":["post-28862","post","type-post","status-publish","format-standard","hentry","category-blog"],"_links":{"self":[{"href":"https:\/\/story24.biz.ua\/index.php?rest_route=\/wp\/v2\/posts\/28862","targetHints":{"allow":["GET"]}}],"collection":[{"href":"https:\/\/story24.biz.ua\/index.php?rest_route=\/wp\/v2\/posts"}],"about":[{"href":"https:\/\/story24.biz.ua\/index.php?rest_route=\/wp\/v2\/types\/post"}],"author":[{"embeddable":true,"href":"https:\/\/story24.biz.ua\/index.php?rest_route=\/wp\/v2\/users\/1"}],"replies":[{"embeddable":true,"href":"https:\/\/story24.biz.ua\/index.php?rest_route=%2Fwp%2Fv2%2Fcomments&post=28862"}],"version-history":[{"count":1,"href":"https:\/\/story24.biz.ua\/index.php?rest_route=\/wp\/v2\/posts\/28862\/revisions"}],"predecessor-version":[{"id":28863,"href":"https:\/\/story24.biz.ua\/index.php?rest_route=\/wp\/v2\/posts\/28862\/revisions\/28863"}],"wp:attachment":[{"href":"https:\/\/story24.biz.ua\/index.php?rest_route=%2Fwp%2Fv2%2Fmedia&parent=28862"}],"wp:term":[{"taxonomy":"category","embeddable":true,"href":"https:\/\/story24.biz.ua\/index.php?rest_route=%2Fwp%2Fv2%2Fcategories&post=28862"},{"taxonomy":"post_tag","embeddable":true,"href":"https:\/\/story24.biz.ua\/index.php?rest_route=%2Fwp%2Fv2%2Ftags&post=28862"}],"curies":[{"name":"wp","href":"https:\/\/api.w.org\/{rel}","templated":true}]}}