{"id":28805,"date":"2026-09-01T14:00:17","date_gmt":"2026-09-01T14:00:17","guid":{"rendered":"https:\/\/story24.biz.ua\/?p=28805"},"modified":"2026-09-01T14:00:17","modified_gmt":"2026-09-01T14:00:17","slug":"na-zawsze-pozostaniesz-w-naszych-sercach-claire-milosc-jest-na-lace-sklada-wzruszajacy-hold-zmarlemu-synowi-mathisowi","status":"publish","type":"post","link":"https:\/\/story24.biz.ua\/?p=28805","title":{"rendered":"\u201eNa zawsze pozostaniesz w naszych sercach\u201d: Claire (Mi\u0142o\u015b\u0107 jest na \u0142\u0105ce) sk\u0142ada wzruszaj\u0105cy ho\u0142d zmar\u0142emu synowi Mathisowi"},"content":{"rendered":"\n<p class=\"wp-block-paragraph\">Sobota, 4 lipca 2026 roku, by\u0142a szczeg\u00f3lnie bolesnym dniem dla Claire, by\u0142ej uczestniczki francuskiego reality show \u201e\u00a0<em>L&#8217;amour est dans le pr\u00e9\u201d (Mi\u0142o\u015b\u0107 jest na \u0142\u0105ce)<\/em>\u00a0, i jej partnera S\u00e9bastiena. <\/p>\n\n\n\n<p class=\"wp-block-paragraph\">Tego dnia obchodzili urodziny syna Mathisa, kt\u00f3ry tragicznie zmar\u0142 zaledwie kilka godzin po narodzinach. <\/p>\n\n\n\n<p class=\"wp-block-paragraph\">Rolniczka z\u0142o\u017cy\u0142a mu wzruszaj\u0105cy ho\u0142d na swoim koncie na Instagramie.<\/p>\n\n\n\n<p class=\"wp-block-paragraph\">Tragedia, po kt\u00f3rej nigdy si\u0119 nie otrz\u0105\u015bnie. <\/p>\n\n\n\n<p class=\"wp-block-paragraph\">W t\u0119 sobot\u0119, 4 lipca 2026 roku, Claire, uczestniczka 10. sezonu programu\u00a0<a href=\"https:\/\/actu.femmeactuelle.fr\/actu\/news-actu\/c-est-mon-cow-boy-a-moi-aurelia-l-amour-est-dans-le-pre-fait-de-rares-confidences-sur-cet-americain-qui-partage-sa-vie-depuis-2-ans-2208898\">\u201e\u00a0<em>L&#8217;amour est dans le pr\u00e9\u201d (Mi\u0142o\u015b\u0107 jest na \u0142\u0105ce<\/em>\u00a0),<\/a>\u00a0zamie\u015bci\u0142a na swoim Instagramie poruszaj\u0105c\u0105 wiadomo\u015b\u0107.\u00a0<strong>Odda\u0142a ho\u0142d swojemu synowi Mathisowi, urodzonemu w lipcu 2020 roku, kt\u00f3ry zmar\u0142 zaledwie kilka godzin po narodzinach.<\/strong>\u00a0W\u0142a\u015bnie w tym wyj\u0105tkowym dniu, kiedy jej syn sko\u0144czy\u0142by sze\u015b\u0107 lat, postanowi\u0142a otworzy\u0107 si\u0119 przed swoimi 68 000 obserwuj\u0105cych. \u201e\u00a0<em>Dzi\u015b nasz Mathis sko\u0144czy\u0142by 6 lat\u2026\u201d \u2013<\/em>\u00a0napisa\u0142a w podpisie do zdj\u0119cia przedstawiaj\u0105cego wspania\u0142y g\u00f3rski krajobraz sk\u0105pany w jasnym s\u0142o\u0144cu ponad chmurami.<\/p>\n\n\n\n<p class=\"wp-block-paragraph\">Kontynuowa\u0142a:&nbsp;<em><strong>\u201e4 lipca 2020 roku si\u0119 urodzi\u0142e\u015b. Pi\u0119kne dziecko wa\u017c\u0105ce ponad 4 kg, po cudownej ci\u0105\u017cy. Sze\u015b\u0107 lat p\u00f3\u017aniej\u2026 nadal nie wiemy dlaczego. 5 lipca na zawsze pozostanie najtrudniejszym dniem w naszym \u017cyciu\u201d.<\/strong><\/em>Rolniczka, kt\u00f3ra w ko\u0144cu spotka\u0142a&nbsp;<a href=\"https:\/\/actu.femmeactuelle.fr\/actu\/news-actu\/10-ans-a-construire-notre-histoire-claire-l-amour-est-dans-le-pre-devoile-un-message-touchant-pour-feter-ses-10-ans-d-amour-avec-sebastien-2205613\">swojego ukochanego S\u00e9bastiena<\/a>&nbsp;po programie, powiedzia\u0142a:&nbsp;<em><strong>\u201eS\u0105 rany, kt\u00f3re nigdy nie znikaj\u0105. Po prostu uczymy si\u0119 z nimi \u017cy\u0107, dzie\u0144 po dniu.<\/strong><\/em><em>&nbsp;Dzisiaj mamy niesamowite szcz\u0119\u015bcie, \u017ce mamy naszego najstarszego syna, Math\u00e9o, i najm\u0142odszego, Ma\u00ebla, kt\u00f3rzy wype\u0142niaj\u0105 nasze dni rado\u015bci\u0105.&nbsp;<\/em><em><strong>A ty, Mathis\u2026 Zawsze b\u0119dziesz mia\u0142 swoje miejsce w naszej rodzinie. Na zawsze pozostaniesz w naszych sercach<\/strong><\/em><em>&nbsp;\u201d .<\/em>&nbsp;To szczeg\u00f3lnie wzruszaj\u0105ce s\u0142owa, kt\u00f3re \u015bwiadcz\u0105 o tym, jak g\u0142\u0119boki b\u00f3l po stracie dziecka wci\u0105\u017c odczuwaj\u0105 ma\u0142\u017conkowie.<strong><\/strong><em><strong><\/strong><\/em><em><\/em><em><strong><\/strong><\/em><em><\/em><\/p>\n\n\n\n<h2 class=\"wp-block-heading\">\u201eTo wci\u0105\u017c za trudne\u201d: Claire (Mi\u0142o\u015b\u0107 jest na \u0142\u0105ce) m\u00f3wi o swoim g\u0142\u0119bokim smutku<\/h2>\n\n\n\n<p class=\"wp-block-paragraph\">Matka chcia\u0142a r\u00f3wnie\u017c wyja\u015bni\u0107, dlaczego tak rzadko o nim m\u00f3wi.&nbsp;<em>\u201e&nbsp;<\/em><em><strong>Rzadko o tobie m\u00f3wi\u0119\u2026 Nie dlatego, \u017ce o tobie zapominam. Ale dlatego, \u017ce to wci\u0105\u017c zbyt trudne.<\/strong><\/em><em>&nbsp;Cz\u0119sto brakuje mi s\u0142\u00f3w. Dzisiaj po prostu chcia\u0142am ci z\u0142o\u017cy\u0107 ten ma\u0142y ho\u0142d. Powiedzie\u0107, \u017ce my\u015bl\u0119 o tobie, dzisiaj\u2026 jak ka\u017cdego dnia<\/em>&nbsp;\u201d \u2013 napisa\u0142a. Zako\u0144czy\u0142a z wielkim wzruszeniem:&nbsp;<em><strong>\u201eWszystkiego najlepszego z okazji urodzin, nasz ma\u0142y Mathis. Bardzo ci\u0119 kochamy\u201d.<\/strong><\/em><em><strong><\/strong><\/em><\/p>\n\n\n\n<p class=\"wp-block-paragraph\">Wielu internaut\u00f3w zareagowa\u0142o na ten pi\u0119kny ho\u0142d. W komentarzach pojawi\u0142y si\u0119 m.in.:&nbsp;<em>\u201eWszystkie nasze my\u015bli s\u0105 z Twoim ma\u0142ym anio\u0142kiem\u201d<\/em>&nbsp;;&nbsp;<em>\u201eCzy istnieje pi\u0119kniejsze przes\u0142anie mi\u0142o\u015bci ni\u017c to? Szczere wsparcie i oby Mathis by\u0142 dumny ze swojej wspania\u0142ej rodziny\u201d<\/em>&nbsp;; oraz \u201e&nbsp;<em>My\u015blimy o Tobie i ma\u0142ym anio\u0142ku, kt\u00f3ry prowadzi Ci\u0119 przez \u017cycie\u201d.<\/em><\/p>\n","protected":false},"excerpt":{"rendered":"Sobota, 4 lipca 2026 roku, by\u0142a szczeg\u00f3lnie bolesnym dniem dla Claire, by\u0142ej uczestniczki francuskiego reality show \u201e\u00a0L&#8217;amour est dans le pr\u00e9\u201d (Mi\u0142o\u015b\u0107 jest \n<a class=\"moretag\" href=\"https:\/\/story24.biz.ua\/?p=28805\"> [...]<\/a>","protected":false},"author":1,"featured_media":28806,"comment_status":"open","ping_status":"open","sticky":false,"template":"","format":"standard","meta":{"footnotes":""},"categories":[1],"tags":[],"class_list":["post-28805","post","type-post","status-publish","format-standard","has-post-thumbnail","hentry","category-blog"],"_links":{"self":[{"href":"https:\/\/story24.biz.ua\/index.php?rest_route=\/wp\/v2\/posts\/28805","targetHints":{"allow":["GET"]}}],"collection":[{"href":"https:\/\/story24.biz.ua\/index.php?rest_route=\/wp\/v2\/posts"}],"about":[{"href":"https:\/\/story24.biz.ua\/index.php?rest_route=\/wp\/v2\/types\/post"}],"author":[{"embeddable":true,"href":"https:\/\/story24.biz.ua\/index.php?rest_route=\/wp\/v2\/users\/1"}],"replies":[{"embeddable":true,"href":"https:\/\/story24.biz.ua\/index.php?rest_route=%2Fwp%2Fv2%2Fcomments&post=28805"}],"version-history":[{"count":1,"href":"https:\/\/story24.biz.ua\/index.php?rest_route=\/wp\/v2\/posts\/28805\/revisions"}],"predecessor-version":[{"id":28807,"href":"https:\/\/story24.biz.ua\/index.php?rest_route=\/wp\/v2\/posts\/28805\/revisions\/28807"}],"wp:featuredmedia":[{"embeddable":true,"href":"https:\/\/story24.biz.ua\/index.php?rest_route=\/wp\/v2\/media\/28806"}],"wp:attachment":[{"href":"https:\/\/story24.biz.ua\/index.php?rest_route=%2Fwp%2Fv2%2Fmedia&parent=28805"}],"wp:term":[{"taxonomy":"category","embeddable":true,"href":"https:\/\/story24.biz.ua\/index.php?rest_route=%2Fwp%2Fv2%2Fcategories&post=28805"},{"taxonomy":"post_tag","embeddable":true,"href":"https:\/\/story24.biz.ua\/index.php?rest_route=%2Fwp%2Fv2%2Ftags&post=28805"}],"curies":[{"name":"wp","href":"https:\/\/api.w.org\/{rel}","templated":true}]}}