{"id":28791,"date":"2026-09-01T11:05:54","date_gmt":"2026-09-01T11:05:54","guid":{"rendered":"https:\/\/story24.biz.ua\/?p=28791"},"modified":"2026-09-01T11:05:54","modified_gmt":"2026-09-01T11:05:54","slug":"celine-dion-oglasza-10-nowych-wyjatkowych-dat-na-paris-la-defense-arena-w-maju-2027-r","status":"publish","type":"post","link":"https:\/\/story24.biz.ua\/?p=28791","title":{"rendered":"Celine Dion og\u0142asza 10 nowych wyj\u0105tkowych dat na Paris La D\u00e9fense Arena w maju 2027 r."},"content":{"rendered":"\n<p class=\"wp-block-paragraph\">Wiadomo\u015b\u0107 ta wstrz\u0105sn\u0119\u0142a fanami. <\/p>\n\n\n\n<p class=\"wp-block-paragraph\">W poniedzia\u0142ek, 1 czerwca, o godzinie 9:00 C\u00e9line Dion og\u0142osi\u0142a dziesi\u0119\u0107 nowych dat dodanych\u00a0do jej fenomenalnej trasy koncertowej. <\/p>\n\n\n\n<p class=\"wp-block-paragraph\">Po milionach wy\u015bwietle\u0144 w kwietniu ubieg\u0142ego roku, jej fani ponownie maj\u0105 szans\u0119 zobaczy\u0107 swoj\u0105 idolk\u0119 na scenie. Pod pewnymi warunkami&#8230;<\/p>\n\n\n\n<p class=\"wp-block-paragraph\">Dramatyczny zwrot\u00a0<a href=\"https:\/\/actu.voici.fr\/celebrites\/celine-dion-de-retour-sur-scene-6-nouvelles-dates-ajoutees-a-sa-tournee-pour-repondre-a-la-demande-des-fans-821921\">akcji w d\u0142ugo oczekiwanej trasie koncertowej C\u00e9line Dion<\/a>\u00a0! <\/p>\n\n\n\n<p class=\"wp-block-paragraph\">Po tym, jak zachwyci\u0142a fan\u00f3w og\u0142oszeniem koncert\u00f3w w Pary\u017cu, kt\u00f3re rozpoczn\u0105 si\u0119 we wrze\u015bniu 2026 roku w Paris La D\u00e9fense Arena, kanadyjska piosenkarka sprawi\u0142a publiczno\u015bci kolejn\u0105 niespodziank\u0119. Bior\u0105c pod uwag\u0119 powszechny \u2013 i niemal nieoczekiwany \u2013 entuzjazm zwi\u0105zany z jej powrotem,\u00a0<a href=\"https:\/\/actu.voici.fr\/celebrites\/eurovision-2025-celine-dion-decoit-les-fans-sa-sante-fragile-responsable-de-son-absence-au-concours-804644\">artystka, kt\u00f3ra wykona\u0142a utw\u00f3r \u201e\u00a0<em>Pour que tu m&#8217;aimes encore\u201d,<\/em>\u00a0widocznie w dobrej kondycji po powa\u017cnych problemach zdrowotnych<\/a>\u00a0, zaskoczy\u0142a swoich wielbicieli, dodaj\u0105c\u00a0<strong>now\u0105 seri\u0119 koncert\u00f3w w maju 2027 roku<\/strong>\u00a0.<\/p>\n\n\n\n<p class=\"wp-block-paragraph\">Podczas gdy wielu z nas wr\u00f3ci\u0142o do domu z pustymi r\u0119kami podczas pierwszej sprzeda\u017cy, na te dziesi\u0119\u0107 nowych koncert\u00f3w b\u0119dzie dost\u0119pnych 300 000 bilet\u00f3w. Ta zmiana mo\u017ce by\u0107 prze\u0142omowa dla wielu fan\u00f3w. Jednak nie wszyscy b\u0119d\u0105 mogli z niej skorzysta\u0107&#8230;<\/p>\n\n\n\n<h2 class=\"wp-block-heading\">Celine Dion og\u0142asza 10 nowych dat koncert\u00f3w w maju 2027 r.<\/h2>\n\n\n\n<p class=\"wp-block-paragraph\">Og\u0142oszenie pojawi\u0142o si\u0119 dzi\u015b rano o 9:00. W po\u015bcie na Instagramie&nbsp;<strong>C\u00e9line Dion og\u0142osi\u0142a dziesi\u0119\u0107 nowych dat koncert\u00f3w w maju 2027 roku.<\/strong>&nbsp;\u201e&nbsp;<em>Dodano nowe daty, do zobaczenia w Pary\u017cu w 2027 roku!<\/em>&nbsp;\u201d \u2013 napisa\u0142a&nbsp;<a href=\"https:\/\/actu.voici.fr\/celebrites\/tu-nous-manques-terriblement-celine-dion-rend-un-hommage-emouvant-a-rene-angelil-pour-les-dix-ans-de-sa-mort-817875\">wdowa po Ren\u00e9 Ang\u00e9lilu<\/a>&nbsp;w mediach spo\u0142eczno\u015bciowych. Do wiadomo\u015bci do\u0142\u0105czono harmonogram nowych koncert\u00f3w, trwaj\u0105cych od 8 do 29 maja. Wiadomo\u015b\u0107 niemal natychmiast wywo\u0142a\u0142a sensacj\u0119. \u201e&nbsp;<em>Powodzenia wszystkim w tej nieoczekiwanej drugiej rundzie!!! Celine w Pary\u017cu, druga tura!!!<\/em>&nbsp;\u201d \u201e&nbsp;<em>Kr\u00f3lowa @celinedion<\/em>&nbsp;\u201d \u2013 szybko skomentowali jej fani.<\/p>\n\n\n\n<p class=\"wp-block-paragraph\">Po rozczarowaniu z kwietnia ubieg\u0142ego roku, kiedy to dziewi\u0119\u0107 milion\u00f3w os\u00f3b zarejestrowa\u0142o si\u0119 w przedsprzeda\u017cy i oczywi\u015bcie miliony sfrustrowanych fan\u00f3w, kt\u00f3rzy nie zdobyli upragnionych bilet\u00f3w, szcz\u0119\u015bcie zn\u00f3w im sprzyja. Sprzeda\u017c bilet\u00f3w dla \u201eartyst\u00f3w\u201d rozpocznie si\u0119 w \u015brod\u0119, 3 czerwca o godzinie 10:00 na stronie internetowej piosenkarki, a sprzeda\u017c na Paris La D\u00e9fense Arena rozpocznie si\u0119 w czwartek, 4 czerwca o godzinie 10:00. Obie sprzeda\u017ce zako\u0144cz\u0105 si\u0119 w pi\u0105tek, 5 czerwca o godzinie 23:59.<\/p>\n\n\n\n<h2 class=\"wp-block-heading\">Ekskluzywny dost\u0119p dla os\u00f3b, kt\u00f3re zarejestrowa\u0142y si\u0119 w kwietniu<\/h2>\n\n\n\n<p class=\"wp-block-paragraph\">Jednak ostrzegamy:&nbsp;<strong>dost\u0119p do tej nowej oferty b\u0119d\u0105 mieli tylko ci, kt\u00f3rzy zarejestrowali si\u0119 wcze\u015bniej w zesz\u0142ym miesi\u0105cu<\/strong>&nbsp;. AEG i Inter Concerts \u2014&nbsp;<strong><\/strong>producenci trasy \u2014 wylosuj\u0105 osoby, kt\u00f3rym ostatnio nie uda\u0142o si\u0119 kupi\u0107 bilet\u00f3w, i wy\u015bl\u0105 im wiadomo\u015b\u0107 e-mail dzisiaj od godziny 9:30 rano, aby potwierdzi\u0107 ich udzia\u0142 w tej nowej ofercie.<\/p>\n\n\n\n<p class=\"wp-block-paragraph\">Nast\u0119pnie wybrane osoby otrzymaj\u0105 unikalny kod we wtorek, 2 czerwca (pod warunkiem, \u017ce zarejestrowa\u0142y si\u0119 na sprzeda\u017c bilet\u00f3w dla artyst\u00f3w w kwietniu), a ostatecznie w \u015brod\u0119, 3 czerwca, je\u015bli zarejestrowa\u0142y si\u0119 na sprzeda\u017c bilet\u00f3w na miejsce. Pami\u0119tajcie, \u017ce pakiety \u201ebilet + hotel\u201d b\u0119d\u0105 dost\u0119pne za dwa dni na stronie eventravel.com. Ceny wahaj\u0105 si\u0119 od 89,50 do 298,50 euro. Podobnie jak w przypadku pierwszej sprzeda\u017cy,&nbsp;<strong>liczba bilet\u00f3w jest ograniczona do sze\u015bciu na osob\u0119<\/strong>&nbsp;. Po do\u0142\u0105czeniu do konkursu obowi\u0105zuje tylko jedna zasada: Weso\u0142ych Igrzysk \u015amierci dla wszystkich!<\/p>\n","protected":false},"excerpt":{"rendered":"Wiadomo\u015b\u0107 ta wstrz\u0105sn\u0119\u0142a fanami. W poniedzia\u0142ek, 1 czerwca, o godzinie 9:00 C\u00e9line Dion og\u0142osi\u0142a dziesi\u0119\u0107 nowych dat dodanych\u00a0do jej fenomenalnej trasy koncertowej. Po \n<a class=\"moretag\" href=\"https:\/\/story24.biz.ua\/?p=28791\"> [...]<\/a>","protected":false},"author":1,"featured_media":28792,"comment_status":"open","ping_status":"open","sticky":false,"template":"","format":"standard","meta":{"footnotes":""},"categories":[1],"tags":[],"class_list":["post-28791","post","type-post","status-publish","format-standard","has-post-thumbnail","hentry","category-blog"],"_links":{"self":[{"href":"https:\/\/story24.biz.ua\/index.php?rest_route=\/wp\/v2\/posts\/28791","targetHints":{"allow":["GET"]}}],"collection":[{"href":"https:\/\/story24.biz.ua\/index.php?rest_route=\/wp\/v2\/posts"}],"about":[{"href":"https:\/\/story24.biz.ua\/index.php?rest_route=\/wp\/v2\/types\/post"}],"author":[{"embeddable":true,"href":"https:\/\/story24.biz.ua\/index.php?rest_route=\/wp\/v2\/users\/1"}],"replies":[{"embeddable":true,"href":"https:\/\/story24.biz.ua\/index.php?rest_route=%2Fwp%2Fv2%2Fcomments&post=28791"}],"version-history":[{"count":1,"href":"https:\/\/story24.biz.ua\/index.php?rest_route=\/wp\/v2\/posts\/28791\/revisions"}],"predecessor-version":[{"id":28793,"href":"https:\/\/story24.biz.ua\/index.php?rest_route=\/wp\/v2\/posts\/28791\/revisions\/28793"}],"wp:featuredmedia":[{"embeddable":true,"href":"https:\/\/story24.biz.ua\/index.php?rest_route=\/wp\/v2\/media\/28792"}],"wp:attachment":[{"href":"https:\/\/story24.biz.ua\/index.php?rest_route=%2Fwp%2Fv2%2Fmedia&parent=28791"}],"wp:term":[{"taxonomy":"category","embeddable":true,"href":"https:\/\/story24.biz.ua\/index.php?rest_route=%2Fwp%2Fv2%2Fcategories&post=28791"},{"taxonomy":"post_tag","embeddable":true,"href":"https:\/\/story24.biz.ua\/index.php?rest_route=%2Fwp%2Fv2%2Ftags&post=28791"}],"curies":[{"name":"wp","href":"https:\/\/api.w.org\/{rel}","templated":true}]}}