{"id":28776,"date":"2026-09-01T08:52:27","date_gmt":"2026-09-01T08:52:27","guid":{"rendered":"https:\/\/story24.biz.ua\/?p=28776"},"modified":"2026-09-01T08:52:27","modified_gmt":"2026-09-01T08:52:27","slug":"ostatnie-pozegnanie-ludwiki-wujec-poniesiemy-cie-dalej-w-naszych-sercach","status":"publish","type":"post","link":"https:\/\/story24.biz.ua\/?p=28776","title":{"rendered":"Ostatnie po\u017cegnanie Ludwiki Wujec. &#8220;Poniesiemy ci\u0119 dalej w naszych sercach&#8221;"},"content":{"rendered":"\n<p class=\"wp-block-paragraph\">Dzi\u0119ki \u017cyciu pe\u0142nemu pasji do pomagania innym pani Ludwika sta\u0142a si\u0119 symbolem si\u0142y i odwagi \u2014 podkre\u015bli\u0142 prezydent Warszawy Rafa\u0142 Trzaskowski w li\u015bcie skierowanym do uczestnik\u00f3w uroczysto\u015bci pogrzebowych Ludwiki Wujec. <\/p>\n\n\n\n<p class=\"wp-block-paragraph\">Opozycjonistka okresu PRL i dzia\u0142aczka spo\u0142eczna spocz\u0119\u0142a na Pow\u0105zkach Wojskowych.<\/p>\n\n\n\n<p class=\"wp-block-paragraph\"><img loading=\"lazy\" decoding=\"async\" src=\"https:\/\/cdn.wiadomosci.onet.pl\/1\/HGxk9lQaHR0cDovL29jZG4uZXUvaW1hZ2VzL3B1bHNjbXMvTldZN01EQV8vY2E4Nzc4ODktM2Y1ZC00Nzk4LWFiNWEtODczMzk1MzFkZjU4LmpwZWeSlQMAzQFgzRUkzQvlkwXNCWDNBOzeAAKhMAehMQQ\" srcset=\"https:\/\/cdn.wiadomosci.onet.pl\/1\/tMfk9lQaHR0cDovL29jZG4uZXUvaW1hZ2VzL3B1bHNjbXMvTldZN01EQV8vY2E4Nzc4ODktM2Y1ZC00Nzk4LWFiNWEtODczMzk1MzFkZjU4LmpwZWeSlQMAzQFgzRUkzQvlkwXNBszNA9LeAAKhMAehMQQ 870w\" height=\"489\" width=\"870\" alt=\"Pogrzeb Ludwiki Wujec\"><\/p>\n\n\n\n<p class=\"wp-block-paragraph\">PAP\/Piotr Nowak<\/p>\n\n\n\n<p class=\"wp-block-paragraph\">Pogrzeb Ludwiki Wujec<\/p>\n\n\n\n<ul class=\"wp-block-list\">\n<li>\u2014 Zobacz, Pawe\u0142ku, nikogo nie zaprasza\u0142am, a tyle os\u00f3b przysz\u0142o. Tak pewnie mama powiedzia\u0142aby, widz\u0105c was tutaj \u2014 powiedzia\u0142 do uczestnik\u00f3w uroczysto\u015bci pogrzebowych syn zmar\u0142ej Pawe\u0142 Wujec<\/li>\n\n\n\n<li>&#8220;Z g\u0142\u0119bokim \u017calem przyj\u0105\u0142em wiadomo\u015b\u0107 o \u015bmierci Ludwiki Wujec, osoby bardzo wa\u017cnej i zas\u0142u\u017conej dla polskiej walki o wolno\u015b\u0107 i demokracj\u0119&#8221; \u2014 napisa\u0142 w okoliczno\u015bciowym li\u015bcie Rafa\u0142 Trzaskowski<\/li>\n\n\n\n<li>\u2014 Da\u0142a\u015b nam szcz\u0119\u015bliw\u0105, m\u0105dr\u0105 m\u0142odo\u015b\u0107. Nauczy\u0142a\u015b sztuki wolno\u015bci i dobrego, nienad\u0119tego, wolnego od patosu patriotyzmu \u2014 m\u00f3wi\u0142a prof. Monika P\u0142atek, uczennica zmar\u0142ej<\/li>\n<\/ul>\n\n\n\n<p class=\"wp-block-paragraph\">W Domu Pogrzebowym na Pow\u0105zkach Wojskowych Ludwik\u0119 Wujec w \u015brod\u0119 po\u017cegnali rodzina i przyjaciele, a tak\u017ce politycy, przedstawiciele w\u0142adz pa\u0144stwowych i samorz\u0105dowych, ludzie kultury i arty\u015bci, m.in. by\u0142y prezydent Bronis\u0142aw Komorowski z ma\u0142\u017conk\u0105, marsza\u0142ek Senatu Ma\u0142gorzata Kidawa-B\u0142o\u0144ska, Bogdan Borusewicz, Czes\u0142aw Bielecki, Andrzej Celi\u0144ski, Adam Michnik, Konstanty Gebert, by\u0142a minister kultury prof. Ma\u0142gorzata Omilanowska i Maja Komorowska.<\/p>\n\n\n\n<p class=\"wp-block-paragraph\">\u2014 Zobacz, Pawe\u0142ku, nikogo nie zaprasza\u0142am, a tyle os\u00f3b przysz\u0142o. Tak pewnie mama powiedzia\u0142aby, widz\u0105c was tutaj \u2014 powiedzia\u0142 do uczestnik\u00f3w uroczysto\u015bci pogrzebowych syn zmar\u0142ej Pawe\u0142 Wujec.<\/p>\n\n\n\n<p class=\"wp-block-paragraph\"><a href=\"https:\/\/www.onet.pl\/\"><\/a>Czytaj nas cz\u0119\u015bciej w Google<\/p>\n\n\n\n<p class=\"wp-block-paragraph\">Dalszy ci\u0105g artyku\u0142u pod materia\u0142em wideo<\/p>\n\n\n\n<p class=\"wp-block-paragraph\">\u2014 Ci\u0105gle mam przed oczami nasze ostatnie spotkania, nasze ostatnie rozmowy. Tydzie\u0144 temu, kiedy szykowali\u015bmy si\u0119 na podr\u00f3\u017c do hospicjum, ja mamie robi\u0142em zdj\u0119cia, a mama robi\u0142a miny do tych zdj\u0119\u0107 \u2014 m\u00f3wi\u0142. \u2014 W niedziel\u0119 jechali\u015bmy z kwiatami na Dzie\u0144 Matki, kiedy zadzwoni\u0142 telefon \u2014 wyja\u015bni\u0142.<\/p>\n\n\n\n<h2 class=\"wp-block-heading\">Nic nie dzieje si\u0119 bez przyjaci\u00f3\u0142<\/h2>\n\n\n\n<p class=\"wp-block-paragraph\">Pawe\u0142 Wujec przypomnia\u0142, \u017ce w niespe\u0142na cztery lata od \u015bmierci Henryka Wujca &#8220;mama przygotowa\u0142a i wyda\u0142a ksi\u0105\u017ck\u0119 z tekstami i wierszami Henia&#8221;. \u2014 Powsta\u0142 Fundusz Obywatelski im. Henryka Wujca, kt\u00f3ry pr\u0119\u017cnie dzia\u0142a. Jest Nagroda im. Henryka Wujca. Jest wspania\u0142y mural taty przy rondzie Wolnego Tybetu. Jest wreszcie sala jego imienia w nowym budynku Sejmu \u2014 m\u00f3wi\u0142. \u2014 To wszystko oczywi\u015bcie zdarzy\u0142o si\u0119 z ogromn\u0105 pomoc\u0105 przyjaci\u00f3\u0142. Nic nie dzieje si\u0119 bez przyjaci\u00f3\u0142. (&#8230;) Ale te\u017c nic z tego nie wydarzy\u0142oby si\u0119 bez zaanga\u017cowania mojej mamy, bez jej pracowito\u015bci, bez ponagle\u0144, bez foch\u00f3w czasem. (&#8230;) Dla mnie to jest imponuj\u0105ce \u2014 powiedzia\u0142.<\/p>\n\n\n\n<p class=\"wp-block-paragraph\">\u2014 Zawsze b\u0119d\u0119 pami\u0119ta\u0107 i podziwia\u0107 mamy aktywno\u015b\u0107 i zdolno\u015b\u0107 dzia\u0142ania. (&#8230;) I tak \u017cy\u0142a naprawd\u0119 do ostatnich dni. Fantastyczna \u2014 podkre\u015bli\u0142 Pawe\u0142 Wujec.<\/p>\n\n\n\n<p class=\"wp-block-paragraph\">Kuba, wnuk zmar\u0142ej, wspomina\u0142, \u017ce &#8220;jeszcze tydzie\u0144 temu odwiedzili z tat\u0105 babci\u0119&#8221;. \u2014 Wiedzieli\u015bmy, \u017ce ju\u017c nic nie da si\u0119 zrobi\u0107. Siedzieli\u015bmy chwil\u0119 z babci\u0105 i rozmawiali\u015bmy \u2014 m\u00f3wi\u0142. \u2014 Babcia kocha\u0142a opowiada\u0107 historie, a ja kocha\u0142em ich s\u0142ucha\u0107. To po prostu by\u0142o oczywiste, \u017ce jak siedzimy razem \u2014 to babcia opowie mi jak\u0105\u015b histori\u0119, a ja po drodze b\u0119d\u0119 \u017cartowa\u0142 i podpytywa\u0142\u2014 wyja\u015bni\u0142.<\/p>\n\n\n\n<p class=\"wp-block-paragraph\">\u2014 Siedzieli\u015bmy tak jeszcze chwil\u0119 i patrzyli\u015bmy na siebie. Powiedzia\u0142em babci, \u017ce ma pi\u0119kne b\u0142\u0119kitne oczy \u2014 m\u00f3wi\u0142. \u2014 Patrzy\u0142em si\u0119 na nie ca\u0142e \u017cycie, ale nigdy wcze\u015bniej nie zauwa\u017cy\u0142em, jakie s\u0105 pi\u0119kne. Mo\u017ce przez to, \u017ce wiedzia\u0142em, \u017ce widz\u0119 si\u0119 z babci\u0105 ostatni raz, chcia\u0142em zapami\u0119ta\u0107 ten moment. (&#8230;) Babcia u\u015bmiechn\u0119\u0142a si\u0119 nie wymuszonym, ale szczerym u\u015bmiechem. Wida\u0107 by\u0142o, \u017ce sprawi\u0142o jej to rado\u015b\u0107 \u2014 powiedzia\u0142.<\/p>\n\n\n\n<p class=\"wp-block-paragraph\">\u2014 Moja babcia by\u0142a silna, dobra, zabawna i strasznie m\u0105dra. Bardzo j\u0105 kocha\u0142em i b\u0119dzie mi jej piekielnie brakowa\u0107 \u2014 wyzna\u0142 Kuba Wujec.<\/p>\n\n\n\n<h2 class=\"wp-block-heading\">Rafa\u0142 Trzaskowski \u017cegna Ludwik\u0119 Wujec<\/h2>\n\n\n\n<p class=\"wp-block-paragraph\">&#8220;Z g\u0142\u0119bokim \u017calem przyj\u0105\u0142em wiadomo\u015b\u0107 o \u015bmierci Ludwiki Wujec, osoby bardzo wa\u017cnej i zas\u0142u\u017conej dla polskiej walki o wolno\u015b\u0107 i demokracj\u0119. Opozycjonistki z czas\u00f3w PRL, dzia\u0142aczki Solidarno\u015bci, za\u0142o\u017cycielki prasy podziemnej, oddanej asystentki Tadeusza Mazowieckiego podczas obrad Okr\u0105g\u0142ego Sto\u0142u, ale tak\u017ce wspania\u0142ego warszawskiego samorz\u0105dowca&#8221; \u2014 napisa\u0142 prezydent Warszawy Rafa\u0142 Trzaskowski w li\u015bcie do uczestnik\u00f3w uroczysto\u015bci pogrzebowych, kt\u00f3ry odczyta\u0142 jego zast\u0119pca Tomasz Bratek.<\/p>\n\n\n\n<p class=\"wp-block-paragraph\">Podkre\u015bli\u0142, \u017ce s\u0142owa Ludwiki Wujec, \u017ce &#8220;nie chodzi o to, by pomaga\u0107 tylko swoim, trzeba pomaga\u0107 tym, kt\u00f3rzy tego potrzebuj\u0105, nawet je\u015bli nas nie rozumiej\u0105&#8221;, s\u0105 wyrazem zar\u00f3wno jej zaanga\u017cowania w dzia\u0142alno\u015b\u0107 spo\u0142eczn\u0105, jak i niez\u0142omnej postawy w walce o demokratyczne wolno\u015bci.<\/p>\n\n\n\n<p class=\"wp-block-paragraph\">&#8220;Dzi\u0119ki silnym przekonaniom i \u017cyciu pe\u0142nemu pasji do pomagania innym pani Ludwika sta\u0142a si\u0119 symbolem si\u0142y i odwagi, a jej wk\u0142ad w histori\u0119 naszego kraju pozostanie na zawsze niezapomniany&#8221; \u2014 napisa\u0142 prezydent. &#8220;Ludwika Wujec to r\u00f3wnie\u017c wzorzec szlachetnego zaanga\u017cowania w sprawy wsp\u00f3lne. Jej postawa i aktywno\u015b\u0107 zyska\u0142y szacunek i podziw wielu os\u00f3b, gdy w latach 1995-2002 zasiada\u0142a we w\u0142adzach warszawskiego samorz\u0105du, pe\u0142ni\u0105c funkcj\u0119 sekretarza i cz\u0142onkini Zarz\u0105du Gminy Warszawa Centrum&#8221; \u2014 przypomnia\u0142 w li\u015bcie Trzaskowski.<\/p>\n\n\n\n<p class=\"wp-block-paragraph\">&#8220;Niech wspomnienie Ludwiki Wujec pozostanie z nami jako przypomnienie o sile ducha i po\u015bwi\u0119ceniu na rzecz lepszego jutra&#8221; \u2014 doda\u0142.<\/p>\n\n\n\n<h2 class=\"wp-block-heading\">&#8220;Poniesiemy ci\u0119 dalej w naszych sercach&#8221;<\/h2>\n\n\n\n<p class=\"wp-block-paragraph\">Uczennica Ludwiki Wujec prof. Monika P\u0142atek przyzna\u0142a, \u017ce &#8220;czasami los obdarza ludzi bez szczeg\u00f3lnych zas\u0142ug&#8221;. \u2014 Byli\u015bmy grup\u0105 zwyk\u0142ych, przeci\u0119tnych dzieciak\u00f3w, kt\u00f3rym si\u0119 tak nieprzeci\u0119tnie, niezwykle uda\u0142o. Ludwika Wujec uczy\u0142a nas matematyki, ale zosta\u0142a te\u017c wychowawczyni\u0105 naszej klasy Vd w szkole podstawowej przy ulicy Parkowej w Warszawie \u2014 wspomina\u0142a. \u2014 Dzi\u0119ki niej stali\u015bmy si\u0119 klas\u0105 z klas\u0105. Przed ni\u0105 byli\u015bmy nauczani. Dzi\u0119ki niej zacz\u0119li\u015bmy si\u0119 uczy\u0107 \u2014 oceni\u0142a.<\/p>\n\n\n\n<p class=\"wp-block-paragraph\">\u2014 Da\u0142a\u015b nam szcz\u0119\u015bliw\u0105, m\u0105dr\u0105 m\u0142odo\u015b\u0107. Nauczy\u0142a\u015b sztuki wolno\u015bci i dobrego, nienad\u0119tego, wolnego od patosu patriotyzmu. Sko\u0144czyli\u015bmy podstaw\u00f3wk\u0119, nie sko\u0144czyli\u015bmy spotka\u0144, kontakt\u00f3w, wsp\u00f3lnych wyjazd\u00f3w\u2014 m\u00f3wi\u0142a. \u2014 Bo tak ju\u017c jest, \u017ce z Ludk\u0105 jak si\u0119 jest \u2014 to jest si\u0119 na ca\u0142e \u017cycie \u2014 wyja\u015bni\u0142a.<\/p>\n\n\n\n<p class=\"wp-block-paragraph\">\u2014 Dzi\u0119kujemy ci. Poniesiemy ci\u0119 dalej w naszych sercach i postaramy si\u0119 nie zawie\u015b\u0107 \u2014 podkre\u015bli\u0142a prof. Monika P\u0142atek.<\/p>\n\n\n\n<p class=\"wp-block-paragraph\">Po ekumenicznej modlitwie, kt\u00f3r\u0105 odprawili ksi\u0105dz Andrzej Luter i naczelny rabin Polski Michael Schudrich, trumn\u0119 z cia\u0142em Ludwiki Wujec z\u0142o\u017cono w grobie rodzinnym.<\/p>\n\n\n\n<p class=\"wp-block-paragraph\">Opozycjonistka okresu PRL, dzia\u0142aczka spo\u0142eczna, asystentka Tadeusza Mazowieckiego w czasie obrad Okr\u0105g\u0142ego Sto\u0142u Ludwika Wujec zmar\u0142a 26 maja w wieku 83 lat. (<strong>1\/12<\/strong>Pogrzeb Ludwiki Wujec<\/p>\n\n\n\n<p class=\"wp-block-paragraph\"><img loading=\"lazy\" decoding=\"async\" src=\"https:\/\/cdn.wiadomosci.onet.pl\/1\/44jk9lQaHR0cDovL29jZG4uZXUvaW1hZ2VzL3B1bHNjbXMvTldZN01EQV8vY2E4Nzc4ODktM2Y1ZC00Nzk4LWFiNWEtODczMzk1MzFkZjU4LmpwZWeRkwXNB1jNBObeAAKhMAehMQQ\" height=\"627\" width=\"940\" alt=\"Pogrzeb Ludwiki Wujec\"><\/p>\n\n\n\n<p class=\"wp-block-paragraph\">PAP\/Piotr Nowak<\/p>\n\n\n\n<p class=\"wp-block-paragraph\">Pogrzeb Ludwiki Wujec<strong>2\/12<\/strong>Pogrzeb Ludwiki Wujec<\/p>\n\n\n\n<p class=\"wp-block-paragraph\"><img loading=\"lazy\" decoding=\"async\" src=\"https:\/\/cdn.wiadomosci.onet.pl\/1\/mOYk9lQaHR0cDovL29jZG4uZXUvaW1hZ2VzL3B1bHNjbXMvTnpNN01EQV8vN2VlY2VhZWQtOTQ2Yy00YzVhLTkyOGItODI3MWQwMGQwNzgyLmpwZWeRkwXNB1jNBObeAAKhMAehMQQ\" height=\"627\" width=\"940\" alt=\"Pogrzeb Ludwiki Wujec\"><\/p>\n\n\n\n<p class=\"wp-block-paragraph\">PAP\/Piotr Nowak<\/p>\n\n\n\n<p class=\"wp-block-paragraph\">Pogrzeb Ludwiki Wujec<strong>3\/12<\/strong>Pogrzeb Ludwiki Wujec<\/p>\n\n\n\n<p class=\"wp-block-paragraph\"><img loading=\"lazy\" decoding=\"async\" src=\"https:\/\/cdn.wiadomosci.onet.pl\/1\/8O1k9lQaHR0cDovL29jZG4uZXUvaW1hZ2VzL3B1bHNjbXMvWlRZN01EQV8vNjQ1OWQ2ZmEtYzZkZS00YTg0LWEzNDUtOWFiZGExY2NkZmFhLmpwZWeRkwXNB1jNBObeAAKhMAehMQQ\" height=\"627\" width=\"940\" alt=\"Pogrzeb Ludwiki Wujec\"><\/p>\n\n\n\n<p class=\"wp-block-paragraph\">PAP\/Piotr Nowak<\/p>\n\n\n\n<p class=\"wp-block-paragraph\">Pogrzeb Ludwiki Wujec<strong>4\/12<\/strong>Pogrzeb Ludwiki Wujec<\/p>\n\n\n\n<p class=\"wp-block-paragraph\"><img loading=\"lazy\" decoding=\"async\" src=\"https:\/\/cdn.wiadomosci.onet.pl\/1\/1oyk9lQaHR0cDovL29jZG4uZXUvaW1hZ2VzL3B1bHNjbXMvTW1RN01EQV8vNmRkNjZkYWQtODIwOC00YWYxLThiNGEtNGZkMGIwZTU0OWQwLmpwZWeRkwXNB1jNBOjeAAKhMAehMQQ\" height=\"628\" width=\"940\" alt=\"Pogrzeb Ludwiki Wujec\"><\/p>\n\n\n\n<p class=\"wp-block-paragraph\">PAP\/Piotr Nowak<\/p>\n\n\n\n<p class=\"wp-block-paragraph\">Pogrzeb Ludwiki Wujec<strong>5\/12<\/strong>Pogrzeb Ludwiki Wujec<\/p>\n\n\n\n<p class=\"wp-block-paragraph\"><img loading=\"lazy\" decoding=\"async\" src=\"https:\/\/cdn.wiadomosci.onet.pl\/1\/ATKk9lQaHR0cDovL29jZG4uZXUvaW1hZ2VzL3B1bHNjbXMvTmpNN01EQV8vZGVmOGRlNzgtYjc1OC00ZjI1LWEyODItNTEwNjg3N2YzYWU0LmpwZWeRkwXNB1jNBObeAAKhMAehMQQ\" height=\"627\" width=\"940\" alt=\"Pogrzeb Ludwiki Wujec\"><\/p>\n\n\n\n<p class=\"wp-block-paragraph\">PAP\/Piotr Nowak<\/p>\n\n\n\n<p class=\"wp-block-paragraph\">Pogrzeb Ludwiki Wujec<strong>6\/12<\/strong>Pogrzeb Ludwiki Wujec<\/p>\n\n\n\n<p class=\"wp-block-paragraph\"><img loading=\"lazy\" decoding=\"async\" src=\"https:\/\/cdn.wiadomosci.onet.pl\/1\/MALk9lQaHR0cDovL29jZG4uZXUvaW1hZ2VzL3B1bHNjbXMvWm1FN01EQV8vOTdmOTEzNzMtNjg1OS00YzhiLWJiMzUtNTMwYzBiYTg2M2ViLmpwZWeRkwXNB1jNBOjeAAKhMAehMQQ\" height=\"628\" width=\"940\" alt=\"Pogrzeb Ludwiki Wujec\"><\/p>\n\n\n\n<p class=\"wp-block-paragraph\">PAP\/Piotr Nowak<\/p>\n\n\n\n<p class=\"wp-block-paragraph\">Pogrzeb Ludwiki Wujec<strong>7\/12<\/strong>Pogrzeb Ludwiki Wujec<\/p>\n\n\n\n<p class=\"wp-block-paragraph\"><img loading=\"lazy\" decoding=\"async\" src=\"https:\/\/cdn.wiadomosci.onet.pl\/1\/2F9k9lQaHR0cDovL29jZG4uZXUvaW1hZ2VzL3B1bHNjbXMvWXpJN01EQV8vZDY3NjRkZmItYmQyNC00YmRiLWIzODktNTUzYTJiNWQ3MzBiLmpwZWeRkwXNB1jNBObeAAKhMAehMQQ\" height=\"627\" width=\"940\" alt=\"Pogrzeb Ludwiki Wujec\"><\/p>\n\n\n\n<p class=\"wp-block-paragraph\">PAP\/Piotr Nowak<\/p>\n\n\n\n<p class=\"wp-block-paragraph\">Pogrzeb Ludwiki Wujec<strong>8\/12<\/strong>Pogrzeb Ludwiki Wujec<\/p>\n\n\n\n<p class=\"wp-block-paragraph\"><img loading=\"lazy\" decoding=\"async\" src=\"https:\/\/cdn.wiadomosci.onet.pl\/1\/Tegk9lQaHR0cDovL29jZG4uZXUvaW1hZ2VzL3B1bHNjbXMvWm1FN01EQV8vZGQ3N2ExMzItOTA2OS00OTRiLWI2MzItNjA4MmI1Yjk4Y2JkLmpwZWeRkwXNB1jNBObeAAKhMAehMQQ\" height=\"627\" width=\"940\" alt=\"Pogrzeb Ludwiki Wujec\"><\/p>\n\n\n\n<p class=\"wp-block-paragraph\">PAP\/Piotr Nowak<\/p>\n\n\n\n<p class=\"wp-block-paragraph\">Pogrzeb Ludwiki Wujec<strong>9\/12<\/strong>Pogrzeb Ludwiki Wujec<\/p>\n\n\n\n<p class=\"wp-block-paragraph\"><img loading=\"lazy\" decoding=\"async\" src=\"https:\/\/cdn.wiadomosci.onet.pl\/1\/Ndfk9lQaHR0cDovL29jZG4uZXUvaW1hZ2VzL3B1bHNjbXMvTkRJN01EQV8vMDYxOWZmZTMtMjQ5Ny00MDAwLWExZjktOGEwNmIyZDhkNmZkLmpwZWeRkwXNB1jNBObeAAKhMAehMQQ\" height=\"627\" width=\"940\" alt=\"Pogrzeb Ludwiki Wujec\"><\/p>\n\n\n\n<p class=\"wp-block-paragraph\">PAP\/Piotr Nowak<\/p>\n\n\n\n<p class=\"wp-block-paragraph\">Pogrzeb Ludwiki Wujec<strong>10\/12<\/strong>Pogrzeb Ludwiki Wujec<\/p>\n\n\n\n<p class=\"wp-block-paragraph\"><img loading=\"lazy\" decoding=\"async\" src=\"https:\/\/cdn.wiadomosci.onet.pl\/1\/rQfk9lQaHR0cDovL29jZG4uZXUvaW1hZ2VzL3B1bHNjbXMvTm1FN01EQV8vMTUxNTcxMTEtZTcwZC00ODdmLTlkYWMtNzBmNTRlZDU0NjRlLmpwZWeRkwXNB1jNBOjeAAKhMAehMQQ\" height=\"628\" width=\"940\" alt=\"Pogrzeb Ludwiki Wujec\"><\/p>\n\n\n\n<p class=\"wp-block-paragraph\">PAP\/Piotr Nowak<\/p>\n\n\n\n<p class=\"wp-block-paragraph\">Pogrzeb Ludwiki Wujec<strong>11\/12<\/strong>Pogrzeb Ludwiki Wujec<\/p>\n\n\n\n<p class=\"wp-block-paragraph\"><img loading=\"lazy\" decoding=\"async\" src=\"https:\/\/cdn.wiadomosci.onet.pl\/1\/z7ek9lQaHR0cDovL29jZG4uZXUvaW1hZ2VzL3B1bHNjbXMvTm1RN01EQV8vNmIxZTFjZDMtNWQ0MC00NjE1LTgyNjAtMjEyNmIyYzNjODRhLmpwZWeRkwXNB1jNBObeAAKhMAehMQQ\" height=\"627\" width=\"940\" alt=\"Pogrzeb Ludwiki Wujec\"><\/p>\n\n\n\n<p class=\"wp-block-paragraph\">PAP\/Piotr Nowak<\/p>\n\n\n\n<p class=\"wp-block-paragraph\">Pogrzeb Ludwiki Wujec<strong>12\/12<\/strong>Pogrzeb Ludwiki Wujec<\/p>\n\n\n\n<figure class=\"wp-block-image is-resized\"><img decoding=\"async\" src=\"https:\/\/cdn.wiadomosci.onet.pl\/1\/Hikk9lQaHR0cDovL29jZG4uZXUvaW1hZ2VzL3B1bHNjbXMvTXprN01EQV8vMjQwMTYwOWMtODhmNi00YmNlLWIwNTMtNzdhMTc5ZDAzZWVjLmpwZWeRkwXNB1jNBObeAAKhMAehMQQ\" alt=\"Pogrzeb Ludwiki Wujec\" style=\"aspect-ratio:1.4992025518341308;width:940px;height:auto\"\/><\/figure>\n","protected":false},"excerpt":{"rendered":"Dzi\u0119ki \u017cyciu pe\u0142nemu pasji do pomagania innym pani Ludwika sta\u0142a si\u0119 symbolem si\u0142y i odwagi \u2014 podkre\u015bli\u0142 prezydent Warszawy Rafa\u0142 Trzaskowski w li\u015bcie \n<a class=\"moretag\" href=\"https:\/\/story24.biz.ua\/?p=28776\"> [...]<\/a>","protected":false},"author":1,"featured_media":0,"comment_status":"open","ping_status":"open","sticky":false,"template":"","format":"standard","meta":{"footnotes":""},"categories":[1],"tags":[],"class_list":["post-28776","post","type-post","status-publish","format-standard","hentry","category-blog"],"_links":{"self":[{"href":"https:\/\/story24.biz.ua\/index.php?rest_route=\/wp\/v2\/posts\/28776","targetHints":{"allow":["GET"]}}],"collection":[{"href":"https:\/\/story24.biz.ua\/index.php?rest_route=\/wp\/v2\/posts"}],"about":[{"href":"https:\/\/story24.biz.ua\/index.php?rest_route=\/wp\/v2\/types\/post"}],"author":[{"embeddable":true,"href":"https:\/\/story24.biz.ua\/index.php?rest_route=\/wp\/v2\/users\/1"}],"replies":[{"embeddable":true,"href":"https:\/\/story24.biz.ua\/index.php?rest_route=%2Fwp%2Fv2%2Fcomments&post=28776"}],"version-history":[{"count":1,"href":"https:\/\/story24.biz.ua\/index.php?rest_route=\/wp\/v2\/posts\/28776\/revisions"}],"predecessor-version":[{"id":28777,"href":"https:\/\/story24.biz.ua\/index.php?rest_route=\/wp\/v2\/posts\/28776\/revisions\/28777"}],"wp:attachment":[{"href":"https:\/\/story24.biz.ua\/index.php?rest_route=%2Fwp%2Fv2%2Fmedia&parent=28776"}],"wp:term":[{"taxonomy":"category","embeddable":true,"href":"https:\/\/story24.biz.ua\/index.php?rest_route=%2Fwp%2Fv2%2Fcategories&post=28776"},{"taxonomy":"post_tag","embeddable":true,"href":"https:\/\/story24.biz.ua\/index.php?rest_route=%2Fwp%2Fv2%2Ftags&post=28776"}],"curies":[{"name":"wp","href":"https:\/\/api.w.org\/{rel}","templated":true}]}}