{"id":28750,"date":"2026-08-31T15:13:05","date_gmt":"2026-08-31T15:13:05","guid":{"rendered":"https:\/\/story24.biz.ua\/?p=28750"},"modified":"2026-08-31T15:13:05","modified_gmt":"2026-08-31T15:13:05","slug":"tragedia-na-torach-14-latek-smiertelnie-potracony-przez-pociag-ostroleka-tluszcz","status":"publish","type":"post","link":"https:\/\/story24.biz.ua\/?p=28750","title":{"rendered":"Tragedia na torach. 14-latek \u015bmiertelnie potr\u0105cony przez poci\u0105g Ostro\u0142\u0119ka-T\u0142uszcz"},"content":{"rendered":"\n<p class=\"wp-block-paragraph\">Do kolejnego tragicznego wypadku z udzia\u0142em poci\u0105gu na trasie Ostro\u0142\u0119ka\u2013T\u0142uszcz dosz\u0142o w niedziel\u0119 w miejscowo\u015bci Jarz\u0119bia \u0141\u0105ka. <\/p>\n\n\n\n<p class=\"wp-block-paragraph\">Jak podaje Miejski Reporter, na niestrze\u017conym przeje\u017adzie kolejowym przy ulicy Kolejowej dosz\u0142o do zderzenia skutera z nadje\u017cd\u017caj\u0105cym sk\u0142adem. <\/p>\n\n\n\n<p class=\"wp-block-paragraph\">W wypadku zgin\u0105\u0142 14-letni ch\u0142opiec.<\/p>\n\n\n\n<p class=\"wp-block-paragraph\">Ze wst\u0119pnych ustale\u0144 wynika, \u017ce oko\u0142o godziny 17:40 na niestrze\u017conym przeje\u017adzie kolejowym w Jarz\u0119biej \u0141\u0105ce dosz\u0142o do zderzenia skutera z poci\u0105giem relacji Ostro\u0142\u0119ka\u2013T\u0142uszcz. <\/p>\n\n\n\n<p class=\"wp-block-paragraph\">Jedno\u015bladem, na kt\u00f3rym podr\u00f3\u017cowa\u0142o dwoje nastolatk\u00f3w, kierowa\u0142 14-letni ch\u0142opiec, a towarzyszy\u0142a mu 13-letnia dziewczynka. Z dotychczasowych ustale\u0144 wynika, \u017ce nastolatkowie wjechali na przejazd kolejowy w momencie, gdy zbli\u017ca\u0142 si\u0119 do niego poci\u0105g &#8211; dosz\u0142o w\u00f3wczas do zderzenia.<\/p>\n\n\n\n<p class=\"wp-block-paragraph\">Na miejscu natychmiast podj\u0119to reanimacj\u0119 14-letniego kierowcy skutera. Mimo prowadzonych przez ratownik\u00f3w dzia\u0142a\u0144 nie uda\u0142o si\u0119 uratowa\u0107 ch\u0142opca &#8211; zmar\u0142 na miejscu zdarzenia. Jego 13-letnia pasa\u017cerka po wypadku pozostawa\u0142a przytomna. Po udzieleniu jej pierwszej pomocy dziewczynka zosta\u0142a przetransportowana \u015bmig\u0142owcem Lotniczego Pogotowia Ratunkowego do szpitala.<\/p>\n\n\n\n<p class=\"wp-block-paragraph\"><strong>Zdarzenie w Jarz\u0119biej \u0141\u0105ce to niestety nie pierwszy tego typu wypadek na trasie kolejowej Ostro\u0142\u0119ka\u2013T\u0142uszcz. Niedawno na dworcu w T\u0142uszczu dosz\u0142o do tragicznego wypadku, a denata, kt\u00f3ry zgin\u0105\u0142 wci\u0105\u017c nie zidentyfikowano:<\/strong><\/p>\n\n\n\n<p class=\"wp-block-paragraph\"><a href=\"https:\/\/www.eostroleka.pl\/zginal-pod-pociagiem-ostroleka-tluszcz-rozpoznajesz-powiadom-policje-zdjecie-18,art131148.html\"><\/a><\/p>\n\n\n\n<figure class=\"wp-block-image\"><a href=\"https:\/\/www.eostroleka.pl\/zginal-pod-pociagiem-ostroleka-tluszcz-rozpoznajesz-powiadom-policje-zdjecie-18,art131148.html\"><img decoding=\"async\" src=\"https:\/\/www.eostroleka.pl\/luba\/dane\/pliki\/zdjecia\/2026\/m\/collage_9-3.jpg\" alt=\"\"\/><\/a><\/figure>\n\n\n\n<p class=\"wp-block-paragraph\">Google News<\/p>\n\n\n\n<p class=\"wp-block-paragraph\">Obserwuj nas i otrzymuj nowe wiadomo\u015bci<\/p>\n\n\n\n<p class=\"wp-block-paragraph\">Dodaj eOstroleka do obserwowanych \u017ar\u00f3de\u0142 w Google News.<\/p>\n\n\n\n<p class=\"wp-block-paragraph\"><img decoding=\"async\" src=\"https:\/\/www.eostroleka.pl\/luba\/dane\/pliki\/zdjecia\/2026\/790847249_2197326297499398_8861391404236595503_n.jpeg\" alt=\"fot. Stra\u017c Po\u017carna Wo\u0142omin\">fot. Stra\u017c Po\u017carna Wo\u0142omin<\/p>\n\n\n\n<figure class=\"wp-block-image\"><img decoding=\"async\" src=\"https:\/\/www.eostroleka.pl\/luba\/dane\/pliki\/zdjecia\/2026\/790591021_1606367174349212_1810564590843703753_n.jpeg\" alt=\"fot. Stra\u017c Po\u017carna Wo\u0142omin\"\/><\/figure>\n","protected":false},"excerpt":{"rendered":"Do kolejnego tragicznego wypadku z udzia\u0142em poci\u0105gu na trasie Ostro\u0142\u0119ka\u2013T\u0142uszcz dosz\u0142o w niedziel\u0119 w miejscowo\u015bci Jarz\u0119bia \u0141\u0105ka. Jak podaje Miejski Reporter, na niestrze\u017conym \n<a class=\"moretag\" href=\"https:\/\/story24.biz.ua\/?p=28750\"> [...]<\/a>","protected":false},"author":1,"featured_media":28751,"comment_status":"open","ping_status":"open","sticky":false,"template":"","format":"standard","meta":{"footnotes":""},"categories":[1],"tags":[],"class_list":["post-28750","post","type-post","status-publish","format-standard","has-post-thumbnail","hentry","category-blog"],"_links":{"self":[{"href":"https:\/\/story24.biz.ua\/index.php?rest_route=\/wp\/v2\/posts\/28750","targetHints":{"allow":["GET"]}}],"collection":[{"href":"https:\/\/story24.biz.ua\/index.php?rest_route=\/wp\/v2\/posts"}],"about":[{"href":"https:\/\/story24.biz.ua\/index.php?rest_route=\/wp\/v2\/types\/post"}],"author":[{"embeddable":true,"href":"https:\/\/story24.biz.ua\/index.php?rest_route=\/wp\/v2\/users\/1"}],"replies":[{"embeddable":true,"href":"https:\/\/story24.biz.ua\/index.php?rest_route=%2Fwp%2Fv2%2Fcomments&post=28750"}],"version-history":[{"count":1,"href":"https:\/\/story24.biz.ua\/index.php?rest_route=\/wp\/v2\/posts\/28750\/revisions"}],"predecessor-version":[{"id":28752,"href":"https:\/\/story24.biz.ua\/index.php?rest_route=\/wp\/v2\/posts\/28750\/revisions\/28752"}],"wp:featuredmedia":[{"embeddable":true,"href":"https:\/\/story24.biz.ua\/index.php?rest_route=\/wp\/v2\/media\/28751"}],"wp:attachment":[{"href":"https:\/\/story24.biz.ua\/index.php?rest_route=%2Fwp%2Fv2%2Fmedia&parent=28750"}],"wp:term":[{"taxonomy":"category","embeddable":true,"href":"https:\/\/story24.biz.ua\/index.php?rest_route=%2Fwp%2Fv2%2Fcategories&post=28750"},{"taxonomy":"post_tag","embeddable":true,"href":"https:\/\/story24.biz.ua\/index.php?rest_route=%2Fwp%2Fv2%2Ftags&post=28750"}],"curies":[{"name":"wp","href":"https:\/\/api.w.org\/{rel}","templated":true}]}}