{"id":28712,"date":"2026-08-31T09:46:32","date_gmt":"2026-08-31T09:46:32","guid":{"rendered":"https:\/\/story24.biz.ua\/?p=28712"},"modified":"2026-08-31T09:46:32","modified_gmt":"2026-08-31T09:46:32","slug":"proche-denrico-macias-et-de-catherine-ringer-la-france-pleure-la-mort-dune-legende","status":"publish","type":"post","link":"https:\/\/story24.biz.ua\/?p=28712","title":{"rendered":"Proche d&#8217;Enrico Macias et de Catherine Ringer, la France pleure la mort d&#8217;une l\u00e9gende"},"content":{"rendered":"\n<p class=\"wp-block-paragraph\">Une figure embl\u00e9matique de la culture populaire est morte. <\/p>\n\n\n\n<p class=\"wp-block-paragraph\">Pierre Chevalier, alias \u00ab\u00a0Monsieur Propre\u00a0\u00bb est d\u00e9c\u00e9d\u00e9 \u00e0 l\u2019\u00e2ge de 84 ans.<\/p>\n\n\n\n<p class=\"wp-block-paragraph\">1\/10 Pierre Chevalier alias &#8220;Monsieur Propre&#8221; nous a quitt\u00e9s&nbsp;<\/p>\n\n\n\n<p class=\"wp-block-paragraph\">Si son nom vous est inconnu, son allure muscl\u00e9e vous dit certainement quelque chose. <\/p>\n\n\n\n<p class=\"wp-block-paragraph\">Et pour cause, elle est dans tous\u00a0les rayons de supermarch\u00e9s fran\u00e7ais. <\/p>\n\n\n\n<p class=\"wp-block-paragraph\">En effet, Pierre Chevalier a pr\u00eat\u00e9 ses traits au personnage &#8220;Mr Propre&#8221; de la marque de produits m\u00e9nagers \u00e9ponyme. Ainsi, ce 31 mars 2025, apr\u00e8s 40 ans de bons et loyaux services, l\u2019octog\u00e9naire s\u2019est \u00e9teint \u00e0 l\u2019\u00e2ge de 84 ans.<\/p>\n\n\n\n<figure class=\"wp-block-image is-resized\"><img decoding=\"async\" src=\"https:\/\/cdn.viepratique.fr\/wp-content\/uploads\/viepratique\/2025\/04\/7-17-400x220.jpg\" alt=\"\" style=\"aspect-ratio:1.8181818181818181;width:800px;height:auto\"\/><\/figure>\n\n\n\n<p class=\"wp-block-paragraph\">2\/10 Pierre Chevalier est mort \u00e0 l\u2019h\u00f4pital de Villeneuve-Saint-Georges<\/p>\n\n\n\n<p class=\"wp-block-paragraph\">Pierre Chevalier, alias &#8220;Monsieur Propre&#8221; a \u00e9t\u00e9 d\u00e9clar\u00e9 mort \u00e0 l\u2019h\u00f4pital de Villeneuve-Saint-Georges dans le Val-de-Marne, selon le journal&nbsp;<em>Vosges Matin<\/em>. En 2019, lors de leur derni\u00e8re rencontre avec l\u2019ic\u00f4ne populaire, il avait \u00e9voqu\u00e9 sa mort avec malice :&nbsp;<em>&#8220;Quand je partirai, il y aura du monde derri\u00e8re mes fesses&#8221;<\/em>. En effet, ses multiples vies le rattrapent d\u00e9j\u00e0.<\/p>\n\n\n\n<figure class=\"wp-block-image is-resized\"><img decoding=\"async\" src=\"https:\/\/cdn.viepratique.fr\/wp-content\/uploads\/viepratique\/2025\/04\/8-17-400x220.jpg\" alt=\"\" style=\"aspect-ratio:1.8181818181818181;width:800px;height:auto\"\/><\/figure>\n\n\n\n<p class=\"wp-block-paragraph\">3\/10 Champion de France de boxe<\/p>\n\n\n\n<p class=\"wp-block-paragraph\">Dans les ann\u00e9es 1960, Pierre Chevalier et son m\u00e8tre 88 d\u00e9croche&nbsp;le titre de Champion de France de boxe. Le natif de Golbey, en Lorraine, d\u00e9cide alors de monter \u00e0 Paris pour faire carri\u00e8re.<\/p>\n\n\n\n<figure class=\"wp-block-image is-resized\"><img decoding=\"async\" src=\"https:\/\/cdn.viepratique.fr\/wp-content\/uploads\/viepratique\/2025\/04\/1-23-400x220.jpg\" alt=\"\" style=\"aspect-ratio:1.8181818181818181;width:800px;height:auto\"\/><\/figure>\n\n\n\n<p class=\"wp-block-paragraph\">4\/10 Garde du corps d\u2019Enrico Macias&nbsp;<\/p>\n\n\n\n<p class=\"wp-block-paragraph\">Rapidement, il devient le videur de la bo\u00eete de nuit r\u00e9put\u00e9e Gibus Club, avant d\u2019\u00eatre employ\u00e9 comme garde du corps d\u2019Enrico Macias&nbsp;ou encore du G\u00e9n\u00e9ral de Gaulle.<\/p>\n\n\n\n<figure class=\"wp-block-image is-resized\"><img decoding=\"async\" src=\"https:\/\/cdn.viepratique.fr\/wp-content\/uploads\/viepratique\/2025\/04\/6-19-400x220.jpg\" alt=\"\" style=\"aspect-ratio:1.8181818181818181;width:800px;height:auto\"\/><\/figure>\n\n\n\n<p class=\"wp-block-paragraph\">5\/10 Une rencontre qui change tout pour Pierre Chevalier<\/p>\n\n\n\n<p class=\"wp-block-paragraph\">Ce n\u2019est que plus tard, dans les ann\u00e9es 1970, qu\u2019une rencontre va bouleverser sa vie. En effet, alors qu\u2019il vient d\u2019ouvrir sa salle de sport, un homme, qui s\u2019av\u00e9rera \u00eatre salari\u00e9 de la marque de produits m\u00e9nagers Monsieur Propre, lui propose de devenir son \u00e9g\u00e9rie en France. Il accepte et devient&nbsp;le mod\u00e8le vivant de &#8220;Mr Propre&#8221;&nbsp;en 1983, et ce jusqu&#8217;en 1986.<\/p>\n\n\n\n<figure class=\"wp-block-image is-resized\"><img decoding=\"async\" src=\"https:\/\/cdn.viepratique.fr\/wp-content\/uploads\/viepratique\/2025\/04\/2-23-400x220.jpg\" alt=\"\" style=\"aspect-ratio:1.8181818181818181;width:800px;height:auto\"\/><\/figure>\n\n\n\n<p class=\"wp-block-paragraph\">6\/10&nbsp;<em>&#8220;Partout o\u00f9 je vais, je suis M. Propre !&#8221;<\/em><\/p>\n\n\n\n<p class=\"wp-block-paragraph\"><em>&#8220;Partout o\u00f9 je vais (\u2026), je suis M. Propre !&#8221;<\/em>, racontait-il \u00e0&nbsp;<em>BFMTV<\/em>&nbsp;en 2014. &#8220;<em>Tout le monde me reconna\u00eet ! Les gamins, les caissi\u00e8res au supermarch\u00e9\u2026 Je n\u2019y peux rien, c\u2019est comme \u00e7a !&#8221;<\/em>, s&#8217;amusait-il quelques ann\u00e9es avant son d\u00e9c\u00e8s.<\/p>\n\n\n\n<figure class=\"wp-block-image is-resized\"><img decoding=\"async\" src=\"https:\/\/cdn.viepratique.fr\/wp-content\/uploads\/viepratique\/2025\/04\/9-17-400x220.jpg\" alt=\"\" style=\"aspect-ratio:1.8181818181818181;width:800px;height:auto\"\/><\/figure>\n\n\n\n<p class=\"wp-block-paragraph\">7\/10 C\u00e9l\u00e8bre, mais pas riche<\/p>\n\n\n\n<p class=\"wp-block-paragraph\">Pendant plusieurs ann\u00e9es, Pierre Chevalier a parcouru la France et est devenu tr\u00e8s populaire aupr\u00e8s des Fran\u00e7ais. N\u00e9anmoins, cette soudaine notori\u00e9t\u00e9 ne l\u2019a pas rendu riche\u2026 Bien au contraire.<\/p>\n\n\n\n<figure class=\"wp-block-image is-resized\"><img decoding=\"async\" src=\"https:\/\/cdn.viepratique.fr\/wp-content\/uploads\/viepratique\/2025\/04\/3-20-400x220.jpg\" alt=\"\" style=\"aspect-ratio:1.8181818181818181;width:800px;height:auto\"\/><\/figure>\n\n\n\n<p class=\"wp-block-paragraph\">8\/10 Pierre Chevalier avait renonc\u00e9 \u00e0 ses droits d\u2019auteur<\/p>\n\n\n\n<p class=\"wp-block-paragraph\">Pierre Chevalier alias &#8220;Monsieur Propre&#8221; avait renonc\u00e9 \u00e0 ses droits d\u2019auteur et ne touchait pas un seul centime des publicit\u00e9s fran\u00e7aises et \u00e9trang\u00e8res.&nbsp;<em>&#8220;L\u2019une des plus grosses erreurs de ma vie !&#8221;<\/em>, confiait-il \u00e0&nbsp;<em>Public<\/em>&nbsp;en 2012. Il aura men\u00e9 un train de vie modeste, allant jusqu\u2019\u00e0 \u00eatre menac\u00e9 d\u2019expulsion du&nbsp;camping o\u00f9 il vivait depuis 20 ans. En cause : sa&nbsp;<em>&#8220;caravane aux allures de taudis&#8221;<\/em>, rapporte&nbsp;<em>BFTMV<\/em>.<\/p>\n\n\n\n<figure class=\"wp-block-image is-resized\"><img decoding=\"async\" src=\"https:\/\/cdn.viepratique.fr\/wp-content\/uploads\/viepratique\/2025\/04\/4-20-400x220.jpg\" alt=\"\" style=\"aspect-ratio:1.8181818181818181;width:800px;height:auto\"\/><\/figure>\n\n\n\n<p class=\"wp-block-paragraph\">9\/10 Les autres vies de Pierre Chevalier<\/p>\n\n\n\n<p class=\"wp-block-paragraph\">Apr\u00e8s avoir \u00e9t\u00e9 \u00e9g\u00e9rie de la marque de produits nettoyants, Pierre Chevalier a men\u00e9 d&#8217;autres vies. &#8220;<em>J\u2019ai aussi \u00e9t\u00e9 porteur de mannequins pour des s\u00e9ances photos. Je les portais sur les bras. Et&nbsp;j\u2019ai jou\u00e9 dans deux films&#8221;<\/em>, expliquait-il \u00e0 Vosges Matin en 2019.<\/p>\n\n\n\n<figure class=\"wp-block-image is-resized\"><img decoding=\"async\" src=\"https:\/\/cdn.viepratique.fr\/wp-content\/uploads\/viepratique\/2025\/04\/5-20-400x220.jpg\" alt=\"\" style=\"aspect-ratio:1.8181818181818181;width:800px;height:auto\"\/><\/figure>\n\n\n\n<p class=\"wp-block-paragraph\">10\/10 Pierre Chevalier en couple avec une star de la chanson fran\u00e7aise&nbsp;<\/p>\n\n\n\n<p class=\"wp-block-paragraph\">C\u00f4t\u00e9 c\u0153ur, Pierre Chevalier a v\u00e9cu &#8220;<em>une histoire (d\u2019amour) qui a dur\u00e9&nbsp;deux ans avec Catherine Ringer des Rita Mitsouko&#8221;<\/em>, a \u00e9galement v\u00e9cu en caravane dans un camping qui le mena\u00e7ait d\u2019expulsion en 2003. Il avait d\u2019ailleurs particip\u00e9 \u00e0 l\u2019\u00e9mission&nbsp;<em>Sans Aucun Doute<\/em>&nbsp;sur TF1 pour venir s\u2019expliquer sur sa situation. Depuis, il vivait dans un&nbsp;30 m carr\u00e9 en banlieue parisienne&nbsp;selon le quotidien belge&nbsp;<em>La Libre<\/em>.<\/p>\n\n\n\n<figure class=\"wp-block-image is-resized\"><img decoding=\"async\" src=\"https:\/\/cdn.viepratique.fr\/wp-content\/uploads\/viepratique\/2025\/04\/10-16-400x220.jpg\" alt=\"\" style=\"aspect-ratio:1.8181818181818181;width:800px;height:auto\"\/><\/figure>\n","protected":false},"excerpt":{"rendered":"Une figure embl\u00e9matique de la culture populaire est morte. Pierre Chevalier, alias \u00ab\u00a0Monsieur Propre\u00a0\u00bb est d\u00e9c\u00e9d\u00e9 \u00e0 l\u2019\u00e2ge de 84 ans. 1\/10 Pierre \n<a class=\"moretag\" href=\"https:\/\/story24.biz.ua\/?p=28712\"> [...]<\/a>","protected":false},"author":1,"featured_media":0,"comment_status":"open","ping_status":"open","sticky":false,"template":"","format":"standard","meta":{"footnotes":""},"categories":[1],"tags":[],"class_list":["post-28712","post","type-post","status-publish","format-standard","hentry","category-blog"],"_links":{"self":[{"href":"https:\/\/story24.biz.ua\/index.php?rest_route=\/wp\/v2\/posts\/28712","targetHints":{"allow":["GET"]}}],"collection":[{"href":"https:\/\/story24.biz.ua\/index.php?rest_route=\/wp\/v2\/posts"}],"about":[{"href":"https:\/\/story24.biz.ua\/index.php?rest_route=\/wp\/v2\/types\/post"}],"author":[{"embeddable":true,"href":"https:\/\/story24.biz.ua\/index.php?rest_route=\/wp\/v2\/users\/1"}],"replies":[{"embeddable":true,"href":"https:\/\/story24.biz.ua\/index.php?rest_route=%2Fwp%2Fv2%2Fcomments&post=28712"}],"version-history":[{"count":1,"href":"https:\/\/story24.biz.ua\/index.php?rest_route=\/wp\/v2\/posts\/28712\/revisions"}],"predecessor-version":[{"id":28713,"href":"https:\/\/story24.biz.ua\/index.php?rest_route=\/wp\/v2\/posts\/28712\/revisions\/28713"}],"wp:attachment":[{"href":"https:\/\/story24.biz.ua\/index.php?rest_route=%2Fwp%2Fv2%2Fmedia&parent=28712"}],"wp:term":[{"taxonomy":"category","embeddable":true,"href":"https:\/\/story24.biz.ua\/index.php?rest_route=%2Fwp%2Fv2%2Fcategories&post=28712"},{"taxonomy":"post_tag","embeddable":true,"href":"https:\/\/story24.biz.ua\/index.php?rest_route=%2Fwp%2Fv2%2Ftags&post=28712"}],"curies":[{"name":"wp","href":"https:\/\/api.w.org\/{rel}","templated":true}]}}