{"id":28709,"date":"2026-08-31T09:38:29","date_gmt":"2026-08-31T09:38:29","guid":{"rendered":"https:\/\/story24.biz.ua\/?p=28709"},"modified":"2026-08-31T09:38:29","modified_gmt":"2026-08-31T09:38:29","slug":"%f0%9f%95%8a%ef%b8%8f-odszedl-w-noc-bozego-narodzenia-a-ona-stracila-nie-tylko-brata-ale-i-bratnia-dusze","status":"publish","type":"post","link":"https:\/\/story24.biz.ua\/?p=28709","title":{"rendered":"&#x1f54a;&#xfe0f;\u00a0Odszed\u0142 w noc\u00a0Bo\u017cego Narodzenia \u2014 a\u00a0ona straci\u0142a nie\u00a0tylko brata, ale i\u00a0bratni\u0105 dusz\u0119\u2026"},"content":{"rendered":"\n<p class=\"wp-block-paragraph\">Ma\u0142gorzata\u00a0Musierowicz \u2014\u00a0ukochana pisarka,\u00a0autorka \u201eJe\u017cycjady&#8221;,\u00a0na kt\u00f3rej wychowa\u0142y\u00a0si\u0119\u00a0pokolenia Polak\u00f3w,\u00a0urodzona w 1945 roku\u00a0w Poznaniu \u2014 ca\u0142e\u00a0\u017cycie \u017cy\u0142a\u00a0literatur\u0105. <\/p>\n\n\n\n<p class=\"wp-block-paragraph\">Ksi\u0105\u017cki\u00a0by\u0142y ca\u0142ym\u00a0jej \u017cyciem.\u00a0Ale\u00a0tej mi\u0142o\u015bci do s\u0142owa\u00a0nauczy\u0142a si\u0119 nie\u00a0sama. <\/p>\n\n\n\n<p class=\"wp-block-paragraph\">Mia\u0142a kogo\u015b,\u00a0kto dzieli\u0142 z ni\u0105\u00a0t\u0119 pasj\u0119 od dziecka.\u00a0&#x1f494;\u00a0<a href=\"https:\/\/viva.pl\/ludzie\/niezwykle-historie\/malgorzata-musierowicz-i-stanislaw-baranczak-rodzenstwo-jak-wygladala-relacja-siostry-i-brata-pisarze-literaci-142145-r1\/\" target=\"_blank\" rel=\"noopener\">Viva<\/a><\/p>\n\n\n\n<p class=\"wp-block-paragraph\">Tym kim\u015b by\u0142 jej&nbsp;brat \u2014 Stanis\u0142aw&nbsp;Bara\u0144czak.<\/p>\n\n\n\n<p class=\"wp-block-paragraph\">Nie ka\u017cdy&nbsp;dzi\u015b pami\u0119ta, \u017ce&nbsp;autorka ciep\u0142ych&nbsp;powie\u015bci o rodzinie&nbsp;Borejk\u00f3w i jeden z&nbsp;najwybitniejszych&nbsp;polskich poet\u00f3w XX&nbsp;wieku to rodze\u0144stwo.&nbsp;Ich rodzice, Jan i&nbsp;Zofia, byli&nbsp;lekarzami,&nbsp;a&nbsp;oboje dzieci od&nbsp;najm\u0142odszych lat&nbsp;pokocha\u0142y ksi\u0105\u017cki,&nbsp;humor i zabaw\u0119&nbsp;s\u0142owem. &#x1f4da;&nbsp;<a href=\"https:\/\/www.se.pl\/wiadomosci\/polska\/stanislaw-baranczak-rodzina-siostra-malgorzata-musierowicz-zona-anna-brylka-aa-JJ9c-bExw-wgV4.html\" target=\"_blank\" rel=\"noopener\">Super Express<\/a><\/p>\n\n\n\n<p class=\"wp-block-paragraph\">Stanis\u0142aw&nbsp;sta\u0142 si\u0119 prawdziw\u0105&nbsp;gwiazd\u0105 \u2014 poet\u0105,&nbsp;krytykiem, genialnym&nbsp;t\u0142umaczem. Prze\u0142o\u017cy\u0142&nbsp;na j\u0119zyk polski ponad&nbsp;20 dramat\u00f3w&nbsp;Szekspira,&nbsp;t\u0142umaczy\u0142 Emily Dickinson, angielskich poet\u00f3w metafizycznych. Zosta\u0142 profesorem Uniwersytetu Harvarda. A mimo \u015bwiatowej s\u0142awy\u2026 wci\u0105\u017c lubowa\u0142 si\u0119 w j\u0119zykowych \u0142amig\u0142\u00f3wkach i kalamburach \u2014 i tworzy\u0142 je w\u0142a\u015bnie z siostr\u0105.&nbsp;&#x2728;&nbsp;<a href=\"https:\/\/lubimyczytac.pl\/aktualnosci\/4985\/zmarl-stanislaw-baranczak\" target=\"_blank\" rel=\"noopener\">Lubimyczytac<\/a><a href=\"https:\/\/viva.pl\/ludzie\/niezwykle-historie\/malgorzata-musierowicz-i-stanislaw-baranczak-rodzenstwo-jak-wygladala-relacja-siostry-i-brata-pisarze-literaci-142145-r1\/\" target=\"_blank\" rel=\"noopener\">Viva<\/a><\/p>\n\n\n\n<p class=\"wp-block-paragraph\">Nawet oddaleni o tysi\u0105ce kilometr\u00f3w, wci\u0105\u017c byli sobie&nbsp;najbli\u017csi.<\/p>\n\n\n\n<p class=\"wp-block-paragraph\">Ale los&nbsp;bywa okrutny. Od&nbsp;wielu lat Stanis\u0142aw&nbsp;ci\u0119\u017cko&nbsp;chorowa\u0142.&nbsp;A&nbsp;potem przyszed\u0142&nbsp;dzie\u0144, kt\u00f3ry na&nbsp;zawsze&nbsp;odmieni\u0142 \u015bwi\u0119ta w jej&nbsp;\u017cyciu.&nbsp;<a href=\"https:\/\/dzieje.pl\/aktualnosci\/zmarl-poeta-i-tlumacz-stanislaw-baranczak\" target=\"_blank\" rel=\"noopener\">Dzieje.pl<\/a><\/p>\n\n\n\n<p class=\"wp-block-paragraph\">W nocy z 25&nbsp;na 26 grudnia 2014&nbsp;roku Stanis\u0142aw&nbsp;Bara\u0144czak zmar\u0142&nbsp;\u2014 w&nbsp;Newtonville na&nbsp;przedmie\u015bciach&nbsp;Bostonu.&nbsp;Odszed\u0142 w samo Bo\u017ce&nbsp;Narodzenie, w czasie,&nbsp;kt\u00f3ry dla wi\u0119kszo\u015bci&nbsp;z nas jest symbolem&nbsp;ciep\u0142a i rodzinnej&nbsp;blisko\u015bci. &#x1f56f;&#xfe0f;&nbsp;<a href=\"https:\/\/lubimyczytac.pl\/aktualnosci\/4985\/zmarl-stanislaw-baranczak\" target=\"_blank\" rel=\"noopener\">Lubimyczytac<\/a><a href=\"https:\/\/gloswielkopolski.pl\/stanislaw-baranczak-nie-zyje-mial-68-lat\/ar\/3695986\" target=\"_blank\" rel=\"noopener\">G\u0142os Wielkopolski<\/a><\/p>\n\n\n\n<p class=\"wp-block-paragraph\">Wyobra\u017acie sobie ten&nbsp;b\u00f3l: straci\u0107 brata,&nbsp;przyjaciela, bratni\u0105&nbsp;dusz\u0119 \u2014 i to w\u0142a\u015bnie&nbsp;wtedy, gdy inni&nbsp;zasiadaj\u0105 do&nbsp;wigilijnego sto\u0142u.<\/p>\n\n\n\n<p class=\"wp-block-paragraph\">\u201eBy\u0142am siostr\u0105&nbsp;s\u0142ynnego poety,&nbsp;krytyka literackiego,&nbsp;wybitnego t\u0142umacza,&nbsp;prawdziwej&nbsp;mi\u0119dzynarodowej&nbsp;gwiazdy&#8221;&nbsp;\u2014&nbsp;m\u00f3wi\u0142a z dum\u0105 i&nbsp;mi\u0142o\u015bci\u0105.&nbsp;<a href=\"https:\/\/viva.pl\/ludzie\/niezwykle-historie\/malgorzata-musierowicz-i-stanislaw-baranczak-rodzenstwo-jak-wygladala-relacja-siostry-i-brata-pisarze-literaci-142145-r1\/\" target=\"_blank\" rel=\"noopener\">Viva<\/a><\/p>\n\n\n\n<p class=\"wp-block-paragraph\">Dzi\u015b, gdy&nbsp;czytamy jej pogodne,&nbsp;pe\u0142ne&nbsp;ciep\u0142a ksi\u0105\u017cki, warto&nbsp;pami\u0119ta\u0107, \u017ce za tym&nbsp;u\u015bmiechem kryje si\u0119&nbsp;tak\u017ce cichy smutek po&nbsp;bracie, kt\u00f3rego&nbsp;kocha\u0142a ca\u0142e \u017cycie.&nbsp;&#x1f49b;<\/p>\n\n\n\n<p class=\"wp-block-paragraph\">Bo s\u0105 wi\u0119zi,&nbsp;kt\u00f3rych nie przerywa&nbsp;nawet \u015bmier\u0107.&nbsp;A ci, z kt\u00f3rymi&nbsp;dzielili\u015bmy&nbsp;najwi\u0119ksz\u0105 pasj\u0119,&nbsp;\u017cyj\u0105 dalej \u2014 w ka\u017cdym&nbsp;s\u0142owie, kt\u00f3re po&nbsp;sobie zostawili. &#x1f54a;&#xfe0f;<\/p>\n","protected":false},"excerpt":{"rendered":"Ma\u0142gorzata\u00a0Musierowicz \u2014\u00a0ukochana pisarka,\u00a0autorka \u201eJe\u017cycjady&#8221;,\u00a0na kt\u00f3rej wychowa\u0142y\u00a0si\u0119\u00a0pokolenia Polak\u00f3w,\u00a0urodzona w 1945 roku\u00a0w Poznaniu \u2014 ca\u0142e\u00a0\u017cycie \u017cy\u0142a\u00a0literatur\u0105. Ksi\u0105\u017cki\u00a0by\u0142y ca\u0142ym\u00a0jej \u017cyciem.\u00a0Ale\u00a0tej mi\u0142o\u015bci do s\u0142owa\u00a0nauczy\u0142a si\u0119 nie\u00a0sama. Mia\u0142a \n<a class=\"moretag\" href=\"https:\/\/story24.biz.ua\/?p=28709\"> [...]<\/a>","protected":false},"author":1,"featured_media":28710,"comment_status":"open","ping_status":"open","sticky":false,"template":"","format":"standard","meta":{"footnotes":""},"categories":[1],"tags":[],"class_list":["post-28709","post","type-post","status-publish","format-standard","has-post-thumbnail","hentry","category-blog"],"_links":{"self":[{"href":"https:\/\/story24.biz.ua\/index.php?rest_route=\/wp\/v2\/posts\/28709","targetHints":{"allow":["GET"]}}],"collection":[{"href":"https:\/\/story24.biz.ua\/index.php?rest_route=\/wp\/v2\/posts"}],"about":[{"href":"https:\/\/story24.biz.ua\/index.php?rest_route=\/wp\/v2\/types\/post"}],"author":[{"embeddable":true,"href":"https:\/\/story24.biz.ua\/index.php?rest_route=\/wp\/v2\/users\/1"}],"replies":[{"embeddable":true,"href":"https:\/\/story24.biz.ua\/index.php?rest_route=%2Fwp%2Fv2%2Fcomments&post=28709"}],"version-history":[{"count":1,"href":"https:\/\/story24.biz.ua\/index.php?rest_route=\/wp\/v2\/posts\/28709\/revisions"}],"predecessor-version":[{"id":28711,"href":"https:\/\/story24.biz.ua\/index.php?rest_route=\/wp\/v2\/posts\/28709\/revisions\/28711"}],"wp:featuredmedia":[{"embeddable":true,"href":"https:\/\/story24.biz.ua\/index.php?rest_route=\/wp\/v2\/media\/28710"}],"wp:attachment":[{"href":"https:\/\/story24.biz.ua\/index.php?rest_route=%2Fwp%2Fv2%2Fmedia&parent=28709"}],"wp:term":[{"taxonomy":"category","embeddable":true,"href":"https:\/\/story24.biz.ua\/index.php?rest_route=%2Fwp%2Fv2%2Fcategories&post=28709"},{"taxonomy":"post_tag","embeddable":true,"href":"https:\/\/story24.biz.ua\/index.php?rest_route=%2Fwp%2Fv2%2Ftags&post=28709"}],"curies":[{"name":"wp","href":"https:\/\/api.w.org\/{rel}","templated":true}]}}