{"id":2327,"date":"2025-04-15T18:06:34","date_gmt":"2025-04-15T18:06:34","guid":{"rendered":"https:\/\/story24.biz.ua\/?p=2327"},"modified":"2025-04-15T18:06:34","modified_gmt":"2025-04-15T18:06:34","slug":"papiez-franciszek-ciemny-poranny-dzwiek-wstrzasnal-swiatem","status":"publish","type":"post","link":"https:\/\/story24.biz.ua\/?p=2327","title":{"rendered":"Papie\u017c Franciszek\u2026 Ciemny poranny d\u017awi\u0119k wstrz\u0105sn\u0105\u0142 \u015bwiatem\u2026"},"content":{"rendered":"\n<p>Papie\u017c w chwili \u015bmierci. Watykan przygotowuje si\u0119 na mo\u017cliw\u0105 zmian\u0119 papie\u017ca.<\/p>\n\n\n\n<p>Papie\u017c Franciszek, przeczuwaj\u0105c zbli\u017caj\u0105c\u0105 si\u0119 \u015bmier\u0107, spieszy si\u0119, by chroni\u0107 swoje dziedzictwo w Ko\u015bciele.<\/p>\n\n\n\n<p>Informacj\u0119 t\u0119 poda\u0142 portal Politico, powo\u0142uj\u0105c si\u0119 na \u017ar\u00f3d\u0142a zbli\u017cone do Watykanu.<\/p>\n\n\n\n<p>88-letni papie\u017c przebywa w Szpitalu Gemelli w Rzymie z powodu infekcji dr\u00f3g oddechowych.<\/p>\n\n\n\n<p>Wed\u0142ug dw\u00f3ch os\u00f3b znaj\u0105cych sytuacj\u0119 Francis cierpi z powodu silnego b\u00f3lu i prywatnie wyrazi\u0142 przekonanie, \u017ce tym razem nie wyzdrowieje.<\/p>\n\n\n\n<p>Biuro prasowe Stolicy Apostolskiej poinformowa\u0142o, \u017ce zapalenie oskrzeli papie\u017ca przekszta\u0142ci\u0142o si\u0119 w \u201ezaka\u017cenie polibakteryjne\u201d o \u201ez\u0142o\u017conym obrazie klinicznym\u201d.<\/p>\n\n\n\n<p>W zesz\u0142\u0105 niedziel\u0119 lekarze zabronili papie\u017cowi wyg\u0142oszenia tradycyjnego porannego kazania Anio\u0142 Pa\u0144ski, kt\u00f3rego rzadko opuszcza\u0142, nawet b\u0119d\u0105c w szpitalu.<\/p>\n\n\n\n<p>Zanim stan jego zdrowia si\u0119 pogorszy\u0142, Franciszek dokona\u0142 szeregu wa\u017cnych nominacji. 6 lutego przed\u0142u\u017cy\u0142 kadencj\u0119 w\u0142oskiego kardyna\u0142a Giovanniego Battisty Re na stanowisku dziekana Kolegium Kardyna\u0142\u00f3w. Stanowisko to b\u0119dzie kluczowe w przygotowaniach do ewentualnego konklawe, kt\u00f3re ma wybra\u0107 nowego papie\u017ca.<\/p>\n\n\n\n<p>Papie\u017c przyspieszy\u0142 tak\u017ce nominacj\u0119 siostry Raffaelli Petrini na stanowisko Gubernatora Watykanu, co ma nast\u0105pi\u0107 1 marca. B\u0119dzie ona pierwsz\u0105 kobiet\u0105 na tym stanowisku.<\/p>\n\n\n\n<p>Od 2013 r. Franciszek stara\u0142 si\u0119 uczyni\u0107 Ko\u015bci\u00f3\u0142 bardziej inkluzywnym, umo\u017cliwiaj\u0105c kobietom i spo\u0142eczno\u015bci LGBT+ odgrywanie kluczowych r\u00f3l, co wywo\u0142a\u0142o ostr\u0105 reakcj\u0119 konserwatyst\u00f3w.<\/p>\n","protected":false},"excerpt":{"rendered":"Papie\u017c w chwili \u015bmierci. Watykan przygotowuje si\u0119 na mo\u017cliw\u0105 zmian\u0119 papie\u017ca. Papie\u017c Franciszek, przeczuwaj\u0105c zbli\u017caj\u0105c\u0105 si\u0119 \u015bmier\u0107, spieszy si\u0119, by chroni\u0107 swoje dziedzictwo \n<a class=\"moretag\" href=\"https:\/\/story24.biz.ua\/?p=2327\"> [...]<\/a>","protected":false},"author":1,"featured_media":2328,"comment_status":"open","ping_status":"open","sticky":false,"template":"","format":"standard","meta":{"footnotes":""},"categories":[1],"tags":[],"class_list":["post-2327","post","type-post","status-publish","format-standard","has-post-thumbnail","hentry","category-blog"],"_links":{"self":[{"href":"https:\/\/story24.biz.ua\/index.php?rest_route=\/wp\/v2\/posts\/2327","targetHints":{"allow":["GET"]}}],"collection":[{"href":"https:\/\/story24.biz.ua\/index.php?rest_route=\/wp\/v2\/posts"}],"about":[{"href":"https:\/\/story24.biz.ua\/index.php?rest_route=\/wp\/v2\/types\/post"}],"author":[{"embeddable":true,"href":"https:\/\/story24.biz.ua\/index.php?rest_route=\/wp\/v2\/users\/1"}],"replies":[{"embeddable":true,"href":"https:\/\/story24.biz.ua\/index.php?rest_route=%2Fwp%2Fv2%2Fcomments&post=2327"}],"version-history":[{"count":1,"href":"https:\/\/story24.biz.ua\/index.php?rest_route=\/wp\/v2\/posts\/2327\/revisions"}],"predecessor-version":[{"id":2329,"href":"https:\/\/story24.biz.ua\/index.php?rest_route=\/wp\/v2\/posts\/2327\/revisions\/2329"}],"wp:featuredmedia":[{"embeddable":true,"href":"https:\/\/story24.biz.ua\/index.php?rest_route=\/wp\/v2\/media\/2328"}],"wp:attachment":[{"href":"https:\/\/story24.biz.ua\/index.php?rest_route=%2Fwp%2Fv2%2Fmedia&parent=2327"}],"wp:term":[{"taxonomy":"category","embeddable":true,"href":"https:\/\/story24.biz.ua\/index.php?rest_route=%2Fwp%2Fv2%2Fcategories&post=2327"},{"taxonomy":"post_tag","embeddable":true,"href":"https:\/\/story24.biz.ua\/index.php?rest_route=%2Fwp%2Fv2%2Ftags&post=2327"}],"curies":[{"name":"wp","href":"https:\/\/api.w.org\/{rel}","templated":true}]}}