{"id":2295,"date":"2025-04-15T08:06:56","date_gmt":"2025-04-15T08:06:56","guid":{"rendered":"https:\/\/story24.biz.ua\/?p=2295"},"modified":"2025-04-15T08:06:56","modified_gmt":"2025-04-15T08:06:56","slug":"zinedine-zidane-na-wakacjach-publikuje-zdjecie-szczegol-wywoluje-sensacje","status":"publish","type":"post","link":"https:\/\/story24.biz.ua\/?p=2295","title":{"rendered":"Zinedine Zidane na wakacjach: publikuje zdj\u0119cie, szczeg\u00f3\u0142 wywo\u0142uje sensacj\u0119"},"content":{"rendered":"\n<h2 class=\"wp-block-heading\">Zinedine Zidane w otoczeniu \u017cony V\u00e9ronique i czterech syn\u00f3w bez koszulek \u2013 to zdj\u0119cie rozpala Instagram!&nbsp;(1\/12)<\/h2>\n\n\n\n<p>V\u00e9ronique Zidane pocz\u0105tkowo pasjonowa\u0142a si\u0119 ta\u0144cem i w bardzo niewielkim stopniu interesowa\u0142a si\u0119 pi\u0142k\u0105 no\u017cn\u0105. <\/p>\n\n\n\n<p>Spotkanie w Cannes z cz\u0142owiekiem, kt\u00f3ry mia\u0142 sta\u0107 si\u0119 jednym z najlepszych graczy w historii, niew\u0105tpliwie da\u0142o mu now\u0105 perspektyw\u0119 patrzenia na t\u0119 dyscyplin\u0119 sportu, cz\u0119sto uwa\u017can\u0105 za najpopularniejszy na \u015bwiecie.<\/p>\n\n\n\n<p><img loading=\"lazy\" decoding=\"async\" src=\"https:\/\/www.viepratique.fr\/wp-content\/uploads\/sites\/4\/2025\/03\/image-9251978-750x394_1200x630-750x394.jpeg\" width=\"750\" height=\"394\"><\/p>\n\n\n\n<h2 class=\"wp-block-heading\">Synowie Zidane\u2019a, wszyscy pi\u0142karze (2\/12)<\/h2>\n\n\n\n<p>Maj\u0105c czterech syn\u00f3w, musia\u0142a dostosowa\u0107 si\u0119 do harmonogramu trening\u00f3w i mecz\u00f3w ka\u017cdego z nich. Czw\u00f3rka maluch\u00f3w od urodzenia pasjonowa\u0142a si\u0119 pi\u0142k\u0105 no\u017cn\u0105.<\/p>\n\n\n\n<p><img loading=\"lazy\" decoding=\"async\" src=\"https:\/\/www.viepratique.fr\/wp-content\/uploads\/sites\/4\/2025\/03\/image-19918-2-750x394_1200x630-750x394.jpeg\" width=\"750\" height=\"394\"><\/p>\n\n\n\n<h2 class=\"wp-block-heading\">Zidanes, zjednoczona rodzina (3\/12)<\/h2>\n\n\n\n<p>Zjednoczona rodzina wok\u00f3\u0142 rodzic\u00f3w, kt\u00f3rzy s\u0105 ma\u0142\u017ce\u0144stwem od trzydziestu lat. I wbrew powszechnym zasadom moralnym pi\u0142karzy, na zdj\u0119ciu po ich stronie nie by\u0142o ani jednego cienia. Para Zidane&#8217;\u00f3w jest prawdziwym wzorem jedno\u015bci i lojalno\u015bci.<\/p>\n\n\n\n<p><img loading=\"lazy\" decoding=\"async\" src=\"https:\/\/www.viepratique.fr\/wp-content\/uploads\/sites\/4\/2025\/03\/image-54647-1024x538_1200x630-750x394.jpeg\" width=\"750\" height=\"394\"><\/p>\n\n\n\n<h2 class=\"wp-block-heading\">Znaczenie rodziny w karierze (4\/12)<\/h2>\n\n\n\n<p>\u017bycie pi\u0142karza na najwy\u017cszym poziomie jest bardzo intensywne, dlatego posiadanie zr\u00f3wnowa\u017conej rodziny, kt\u00f3ra r\u00f3wnowa\u017cy wszelkie nadmiary tego \u015brodowiska, jest niezb\u0119dne.<\/p>\n\n\n\n<p><img loading=\"lazy\" decoding=\"async\" src=\"https:\/\/www.viepratique.fr\/wp-content\/uploads\/sites\/4\/2025\/03\/image-378186-2-1024x538_1200x630-1024x538.jpeg\" width=\"1024\" height=\"538\"><\/p>\n\n\n\n<h2 class=\"wp-block-heading\">Niezachwiane wsparcie V\u00e9ronique Zidane (5\/12)<\/h2>\n\n\n\n<p>W tym wzgl\u0119dzie by\u0142y zawodnik numer 10 The Blues m\u00f3g\u0142 zawsze liczy\u0107 na niezachwiane wsparcie swojej \u017cony. Poznali si\u0119, gdy byli m\u0142odzi, zanim on sta\u0142 si\u0119 s\u0142awny. Co prawdopodobnie mia\u0142o ogromny wp\u0142yw na ich r\u00f3wnowag\u0119 jako pary.<\/p>\n\n\n\n<p><img loading=\"lazy\" decoding=\"async\" src=\"https:\/\/www.viepratique.fr\/wp-content\/uploads\/sites\/4\/2025\/03\/image-4071228-2-1024x538_1200x630-1024x538.jpeg\" width=\"1024\" height=\"538\"><\/p>\n\n\n\n<h2 class=\"wp-block-heading\">Veronique Zidane zrobi\u0142a porz\u0105dki (6\/12)<\/h2>\n\n\n\n<p>Na przyk\u0142ad, jak dowiedzieli\u015bmy si\u0119 z ksi\u0105\u017cki Zidane autorstwa Freda Herm\u00e8sa, po Mistrzostwach \u015awiata w Pi\u0142ce No\u017cnej w 2006 r. i przej\u015bciu pi\u0142karza na emerytur\u0119, jego \u017cona sprawi\u0142a, \u017ce \u200b\u200b\u201eniekt\u00f3rzy starzy przyjaciele Zizou, kt\u00f3rzy zostali uznani za szkodliwych, toksycznych lub po prostu udzielaj\u0105cych z\u0142ych rad\u201d znikn\u0119li z horyzontu.<\/p>\n\n\n\n<p><img loading=\"lazy\" decoding=\"async\" src=\"https:\/\/www.viepratique.fr\/wp-content\/uploads\/sites\/4\/2025\/03\/image-8978245-1024x538_1200x630-1024x538.jpeg\" width=\"1024\" height=\"538\"><\/p>\n\n\n\n<h2 class=\"wp-block-heading\">Bardzo \u015bwiatowa para Zidane&#8217;\u00f3w (7\/12)<\/h2>\n\n\n\n<p>Trzydzie\u015bci lat po ich spotkaniu, dw\u00f3jka mieszka\u0144c\u00f3w Po\u0142udnia wci\u0105\u017c sprawia wra\u017cenie zakochanych. Mo\u017cna je cz\u0119sto zobaczy\u0107 na wielu imprezach sportowych. Widzieli\u015bmy ich na przyk\u0142ad na Roland Garros i podczas ostatniego Grand Prix Monako.<\/p>\n\n\n\n<p><img loading=\"lazy\" decoding=\"async\" src=\"https:\/\/www.viepratique.fr\/wp-content\/uploads\/sites\/4\/2025\/03\/image-4107402-1024x538_1200x630-1024x538.jpeg\" width=\"1024\" height=\"538\"><\/p>\n\n\n\n<h2 class=\"wp-block-heading\">Rodzina Zidane na Grand Prix Monako (8\/12)<\/h2>\n\n\n\n<p>Podczas tej ma\u0142ej wycieczki po pastwiskach towarzyszyli im dwaj z ich czterech syn\u00f3w. Braterstwo \u017cyj\u0105ce w rytmie pi\u0142ki no\u017cnej. Enzo, Luca, Th\u00e9o i Elyaz to czterej pi\u0142karze najwy\u017cszej klasy.<\/p>\n\n\n\n<p><img loading=\"lazy\" decoding=\"async\" src=\"https:\/\/www.viepratique.fr\/wp-content\/uploads\/sites\/4\/2025\/03\/image-1707907-2-1024x538_1200x630-1024x538.jpeg\" width=\"1024\" height=\"538\"><\/p>\n\n\n\n<h2 class=\"wp-block-heading\">Zdj\u0119cie Zidane\u2019a, kt\u00f3re rozwali\u0142o Instagram (12.09)<\/h2>\n\n\n\n<p>Ch\u0142opcy s\u0105 wysportowani, maj\u0105 widoczne mi\u0119\u015bnie brzucha i nieskaziteln\u0105 opalenizn\u0119, co mogli\u015bmy zobaczy\u0107 na zdj\u0119ciu, kt\u00f3re Zin\u00e9dine Zidane niedawno zamie\u015bci\u0142 na swoim koncie na Instagramie.<\/p>\n\n\n\n<p><img loading=\"lazy\" decoding=\"async\" src=\"https:\/\/www.viepratique.fr\/wp-content\/uploads\/sites\/4\/2025\/03\/image-8620760-1024x538_1200x630-1024x538.jpeg\" width=\"1024\" height=\"538\"><\/p>\n\n\n\n<h2 class=\"wp-block-heading\">Idealna rodzina (10\/12)<\/h2>\n\n\n\n<p>Zdj\u0119cie, kt\u00f3re podbi\u0142o internet, poniewa\u017c przedstawia\u0142o obraz idealnej rodziny, by\u0142o tak jaskrawe. Wielu internaut\u00f3w pozwoli\u0142o sobie na skomentowanie sprawy i ma\u0142o powiedziane, \u017ce pochwa\u0142y by\u0142y wr\u0119cz gromkie.<\/p>\n\n\n\n<p><img loading=\"lazy\" decoding=\"async\" src=\"https:\/\/www.viepratique.fr\/wp-content\/uploads\/sites\/4\/2025\/03\/image-3170871-1024x538_1200x630-1024x538.jpeg\" width=\"1024\" height=\"538\"><\/p>\n\n\n\n<h2 class=\"wp-block-heading\">U\u017cytkownicy Internetu pod urokiem Zidane\u2019a (11\/12)<\/h2>\n\n\n\n<p>\u201eJeste\u015b wspania\u0142a\u201d, \u201ePi\u0119kna rodzina\u201d, \u201eJaka pi\u0119kna grupa\u201d, \u201eZdj\u0119cie do oprawienia\u201d, \u201eOczywi\u015bcie, rodzina na pierwszym miejscu. \u201eJeste\u015b pi\u0119kna\u201d by\u0142 komentarzem pod postem na Instagramie.<\/p>\n\n\n\n<p><img loading=\"lazy\" decoding=\"async\" src=\"https:\/\/www.viepratique.fr\/wp-content\/uploads\/sites\/4\/2025\/03\/image-380850-1024x538_1200x630-1024x538.jpeg\" width=\"1024\" height=\"538\"><\/p>\n\n\n\n<h2 class=\"wp-block-heading\">\u201eRodzina na pierwszym miejscu\u201d (12\/12)<\/h2>\n\n\n\n<p>By\u0142y trener Realu Madryt postanowi\u0142 umie\u015bci\u0107 pod swoim zdj\u0119ciem nast\u0119puj\u0105cy podpis: \u201eRodzina na pierwszym miejscu\u201d. Post, kt\u00f3ry w ci\u0105gu zaledwie kilku dni zebra\u0142 setki tysi\u0119cy polubie\u0144. Nie ma si\u0119 czym martwi\u0107 ZZ, jeste\u015b do tego przyzwyczajony.<\/p>\n\n\n\n<p><img loading=\"lazy\" decoding=\"async\" src=\"https:\/\/www.viepratique.fr\/wp-content\/uploads\/sites\/4\/2025\/03\/image-3505485-1024x538_1200x630-1024x538.jpeg\" width=\"1024\" height=\"538\"><\/p>\n\n\n\n<p>W rodzinie Zidane&#8217;\u00f3w jest oczywi\u015bcie ojciec, ale jest te\u017c czterech ch\u0142opc\u00f3w, wszyscy pi\u0142karze. Wystarczaj\u0105co du\u017co, aby wywo\u0142a\u0107 burz\u0119 na Instagramie, gdy pozuj\u0105 razem.<\/p>\n","protected":false},"excerpt":{"rendered":"Zinedine Zidane w otoczeniu \u017cony V\u00e9ronique i czterech syn\u00f3w bez koszulek \u2013 to zdj\u0119cie rozpala Instagram!&nbsp;(1\/12) V\u00e9ronique Zidane pocz\u0105tkowo pasjonowa\u0142a si\u0119 ta\u0144cem i \n<a class=\"moretag\" href=\"https:\/\/story24.biz.ua\/?p=2295\"> [...]<\/a>","protected":false},"author":1,"featured_media":2296,"comment_status":"open","ping_status":"open","sticky":false,"template":"","format":"standard","meta":{"footnotes":""},"categories":[1],"tags":[],"class_list":["post-2295","post","type-post","status-publish","format-standard","has-post-thumbnail","hentry","category-blog"],"_links":{"self":[{"href":"https:\/\/story24.biz.ua\/index.php?rest_route=\/wp\/v2\/posts\/2295","targetHints":{"allow":["GET"]}}],"collection":[{"href":"https:\/\/story24.biz.ua\/index.php?rest_route=\/wp\/v2\/posts"}],"about":[{"href":"https:\/\/story24.biz.ua\/index.php?rest_route=\/wp\/v2\/types\/post"}],"author":[{"embeddable":true,"href":"https:\/\/story24.biz.ua\/index.php?rest_route=\/wp\/v2\/users\/1"}],"replies":[{"embeddable":true,"href":"https:\/\/story24.biz.ua\/index.php?rest_route=%2Fwp%2Fv2%2Fcomments&post=2295"}],"version-history":[{"count":1,"href":"https:\/\/story24.biz.ua\/index.php?rest_route=\/wp\/v2\/posts\/2295\/revisions"}],"predecessor-version":[{"id":2297,"href":"https:\/\/story24.biz.ua\/index.php?rest_route=\/wp\/v2\/posts\/2295\/revisions\/2297"}],"wp:featuredmedia":[{"embeddable":true,"href":"https:\/\/story24.biz.ua\/index.php?rest_route=\/wp\/v2\/media\/2296"}],"wp:attachment":[{"href":"https:\/\/story24.biz.ua\/index.php?rest_route=%2Fwp%2Fv2%2Fmedia&parent=2295"}],"wp:term":[{"taxonomy":"category","embeddable":true,"href":"https:\/\/story24.biz.ua\/index.php?rest_route=%2Fwp%2Fv2%2Fcategories&post=2295"},{"taxonomy":"post_tag","embeddable":true,"href":"https:\/\/story24.biz.ua\/index.php?rest_route=%2Fwp%2Fv2%2Ftags&post=2295"}],"curies":[{"name":"wp","href":"https:\/\/api.w.org\/{rel}","templated":true}]}}