{"id":20849,"date":"2026-05-02T10:26:12","date_gmt":"2026-05-02T10:26:12","guid":{"rendered":"https:\/\/story24.biz.ua\/?p=20849"},"modified":"2026-05-02T10:26:12","modified_gmt":"2026-05-02T10:26:12","slug":"myslal-ze-ma-problem-z-pszczolami-na-dachu-ale-okazalo-sie-ze-znalazl-cos-o-wiele-gorszego","status":"publish","type":"post","link":"https:\/\/story24.biz.ua\/?p=20849","title":{"rendered":"My\u015bla\u0142, \u017ce ma problem z pszczo\u0142ami na dachu, ale okaza\u0142o si\u0119, \u017ce znalaz\u0142 co\u015b o wiele gorszego."},"content":{"rendered":"\n<p>S\u0142ysz\u0105c dziwne d\u017awi\u0119ki, kt\u00f3re nie dawa\u0142y mu zasn\u0105\u0107, w\u0142a\u015bciciel domu wcale nie przypuszcza\u0142, \u017ce w cieniu jego strychu kryje si\u0119 straszna rzecz!<\/p>\n\n\n\n<p><strong>1\/31<\/strong><\/p>\n\n\n\n<p>Gdy zapada noc i wszyscy \u015bpi\u0105, w domach pozostaje tylko cisza i ciemno\u015b\u0107. <\/p>\n\n\n\n<p>Najcichszy, niegro\u017any ha\u0142as jest wzmacniany dziesi\u0119ciokrotnie i nawet bez tch\u00f3rzostwa trudno oprze\u0107 si\u0119 wyobra\u017ceniom mniej lub bardziej przera\u017caj\u0105cych scenariuszy. Jeste\u015bmy w stanie najwy\u017cszej gotowo\u015bci, wyt\u0119\u017camy s\u0142uch, a czasem nawet wstajemy, by zbada\u0107 dziwne d\u017awi\u0119ki.<\/p>\n\n\n\n<p>Dla Adama van der Herchena z Englewood na Florydzie te odg\u0142osy by\u0142y bardzo realne i zdawa\u0142y si\u0119 dochodzi\u0107 nawet z jego strychu nad sypialni\u0105\u2026 S\u0142ysz\u0105c te dziwne d\u017awi\u0119ki, kt\u00f3re nie dawa\u0142y mu zasn\u0105\u0107, mia\u0142 kilka teorii na temat tego, co mo\u017ce tam znale\u017a\u0107. Daleki by\u0142 od wyobra\u017cenia sobie tej strasznej rzeczy czaj\u0105cej si\u0119 w cieniach jego strychu!<\/p>\n\n\n\n<figure class=\"wp-block-image\"><img decoding=\"async\" src=\"https:\/\/cdn.viepratique.fr\/wp-content\/uploads\/viepratique\/2021\/09\/2-400x220.jpeg\" alt=\"\"\/><\/figure>\n\n\n\n<p><strong>2\/31<\/strong><\/p>\n\n\n\n<p>Kiedy po raz pierwszy wprowadzili si\u0119 do swojego domu, Bob i Linda van der Herchen us\u0142yszeli nad g\u0142owami do\u015b\u0107 dziwne d\u017awi\u0119ki. Pomimo faktu, \u017ce ha\u0142as ten wyst\u0119powa\u0142 codziennie i by\u0142 do\u015b\u0107 niepokoj\u0105cy, ani Bob, ani Linda nie pomy\u015bleli, \u017ceby wej\u015b\u0107 na g\u00f3r\u0119 i sprawdzi\u0107, co dzieje si\u0119 na strychu.<\/p>\n\n\n\n<p>Prawdopodobnie \u017cadne z nich nie by\u0142o zbyt ciekawe, a mo\u017ce te ha\u0142asy nie przeszkadza\u0142y im a\u017c tak bardzo, ale lepiej by by\u0142o, gdyby poszli wcze\u015bniej! By\u0142o to tym dziwniejsze, \u017ce te zak\u0142\u00f3cenia ha\u0142asu trwa\u0142y od lat.<\/p>\n\n\n\n<figure class=\"wp-block-image\"><img decoding=\"async\" src=\"https:\/\/cdn.viepratique.fr\/wp-content\/uploads\/viepratique\/2021\/09\/3-2-400x220.jpg\" alt=\"\"\/><\/figure>\n\n\n\n<p><strong>3\/31<\/strong><\/p>\n\n\n\n<p>Na miejscu mieszka\u0144c\u00f3w tego domu, za\u0142o\u017cymy si\u0119, \u017ce byliby\u015bcie ciekawi i nieustraszeni! S\u0142ysz\u0105c codziennie dziwne d\u017awi\u0119ki dochodz\u0105ce z kosmosu tu\u017c nad waszymi g\u0142owami, s\u0142uchaliby\u015bcie tylko swojej odwagi i bohaterskiego ducha, by odkry\u0107, co si\u0119 tam dzieje.<\/p>\n\n\n\n<p>Ka\u017cdy inny odwa\u017cnie pobieg\u0142by na ten cholerny strych i zobaczy\u0142, co tyle ha\u0142asu robi\u2026 ale Bob van der Herchen nie by\u0142 taki jak wi\u0119kszo\u015b\u0107 ludzi. By\u0142 zaj\u0119tym cz\u0142owiekiem i nie\u0142atwo by\u0142o go zaimponowa\u0107.<\/p>\n\n\n\n<figure class=\"wp-block-image\"><img decoding=\"async\" src=\"https:\/\/cdn.viepratique.fr\/wp-content\/uploads\/viepratique\/2021\/09\/4-400x220.jpeg\" alt=\"\"\/><\/figure>\n\n\n\n<p><strong>4\/31<\/strong><\/p>\n\n\n\n<p>Bob Van Der Herchen pracuje w bran\u017cy przeprowadzkowej. Uwa\u017ca\u0142, \u017ce nie ma czasu do stracenia ani po\u015bwi\u0119cania go na utrzymanie strychu. Jako przedsi\u0119biorca i mened\u017cer firmy, nie chcia\u0142 mie\u0107 do czynienia z czym\u015b, co wygl\u0105da\u0142o na ma\u0142e szkodniki \u017cyj\u0105ce na strychu, prawdopodobnie myszy.<\/p>\n\n\n\n<p>Najwyra\u017aniej Bobowi nie przeszkadza\u0142a perspektywa wsp\u00f3\u0142\u017cycia z tymi paso\u017cytami Matki Natury, kt\u00f3re zasiedli\u0142y jego dom, nie p\u0142ac\u0105c nawet czynszu! A skoro ju\u017c o naturze mowa, Bob faktycznie pracowa\u0142 w otoczeniu pszcz\u00f3\u0142 (ten szczeg\u00f3\u0142 jest istotny).<\/p>\n\n\n\n<figure class=\"wp-block-image\"><img decoding=\"async\" src=\"https:\/\/cdn.viepratique.fr\/wp-content\/uploads\/viepratique\/2021\/09\/5-4-400x220.jpg\" alt=\"\"\/><\/figure>\n\n\n\n<p><strong>5\/31<\/strong><\/p>\n\n\n\n<p>Bob jest kierownikiem firmy Bob van der Herchen Bee Removal &amp; Rescue, zajmuj\u0105cej si\u0119 ratowaniem pszcz\u00f3\u0142. Celem jego dzia\u0142alno\u015bci jest humanitarne usuwanie pszcz\u00f3\u0142 miodnych z posesji i przenoszenie ich w bezpieczniejsze miejsce, gdzie b\u0119d\u0105 mog\u0142y \u017cerowa\u0107 bez przeszk\u00f3d w zdrowym i bezpiecznym \u015brodowisku naturalnym.<\/p>\n\n\n\n<p>Ochrona pszcz\u00f3\u0142 w ten spos\u00f3b jest kluczowa, poniewa\u017c s\u0105 one zagro\u017cone wygini\u0119ciem. Je\u015bli znikn\u0105 z powierzchni ziemi, my, ludzie, wkr\u00f3tce p\u00f3jdziemy w ich \u015blady. Rola pszcz\u00f3\u0142 w naszym ekosystemie jest kluczowa, dlatego Bob musi podj\u0105\u0107 dzia\u0142ania, za po\u015brednictwem swojej firmy, na w\u0142asn\u0105 skal\u0119, aby chroni\u0107 pszczo\u0142y.<\/p>\n\n\n\n<figure class=\"wp-block-image\"><img decoding=\"async\" src=\"https:\/\/cdn.viepratique.fr\/wp-content\/uploads\/viepratique\/2021\/09\/6-4-400x220.jpg\" alt=\"\"\/><\/figure>\n\n\n\n<p><strong>6\/31<\/strong><\/p>\n\n\n\n<p>Bob kocha pszczo\u0142y! Szanuje ich witalno\u015b\u0107 i energi\u0119, kt\u00f3r\u0105 daj\u0105. Podziwia ich prac\u0119 zespo\u0142ow\u0105 i lojalno\u015b\u0107 wobec kr\u00f3lowej. Dlatego nie waha si\u0119 broni\u0107 ich sprawy. Zawsze znajduje czas na wizyty w szko\u0142ach, aby u\u015bwiadamia\u0107 dzieci w zakresie ochrony pszcz\u00f3\u0142.<\/p>\n\n\n\n<p>Podczas wizyt w szko\u0142ach Bob wyja\u015bnia dzieciom, jak wa\u017cne jest zachowanie tych ma\u0142ych robotnic i jaki wp\u0142yw ma ich zagini\u0119cie na ekosystem. Dzieci s\u0142uchaj\u0105 uwa\u017cnie i rozumiej\u0105 wag\u0119 tej sprawy dla ochrony producent\u00f3w miodu \u2013 tego pysznego skarbu, kt\u00f3ry znajduj\u0105 na porannych tostach. Bob doskonale zna pszczo\u0142y i wiedzia\u0142, \u017ce na jego strychu nie ma ani jednego ula\u2026<\/p>\n\n\n\n<figure class=\"wp-block-image\"><img decoding=\"async\" src=\"https:\/\/cdn.viepratique.fr\/wp-content\/uploads\/viepratique\/2021\/09\/7-400x220.jpeg\" alt=\"\"\/><\/figure>\n\n\n\n<p><strong>7\/31<\/strong><\/p>\n\n\n\n<p>\u201eNie po\u015bwi\u0119ci\u0142em temu zbyt wiele uwagi. My\u015bla\u0142em, \u017ce to mo\u017ce szczury\u201d \u2013 powiedzia\u0142 ekspert od pszcz\u00f3\u0142, zapytany, dlaczego nigdy nie wpad\u0142 na pomys\u0142, \u017ceby wej\u015b\u0107 na strych i samemu to sprawdzi\u0107.<\/p>\n\n\n\n<p>Najwyra\u017aniej pomys\u0142 posiadania ca\u0142ej chmary gryzoni w najmniejszym stopniu nie przeszkadza\u0142 Bobowi, mi\u0142o\u015bnikowi zwierz\u0105t\u2026 Jednak inna osoba mieszkaj\u0105ca w tym samym domu nie podziela\u0142a tego pogl\u0105du i zamierza\u0142a dotrze\u0107 do sedna sprawy\u2026<\/p>\n\n\n\n<figure class=\"wp-block-image\"><img decoding=\"async\" src=\"https:\/\/cdn.viepratique.fr\/wp-content\/uploads\/viepratique\/2021\/09\/8-4-400x220.jpg\" alt=\"\"\/><\/figure>\n\n\n\n<p><strong>8\/31<\/strong><\/p>\n\n\n\n<p>Syn Boba i Lindy, Adam, zaczyna\u0142 si\u0119 naprawd\u0119 martwi\u0107. Mieszka\u0142 w domu z rodzicami. Byli tak zaj\u0119ci swoimi licznymi zaj\u0119ciami, \u017ce woleli ca\u0142kowicie ignorowa\u0107 ha\u0142as nad g\u0142owami.<\/p>\n\n\n\n<p>Adam z kolei nie m\u00f3g\u0142 ju\u017c znie\u015b\u0107 tego ci\u0105g\u0142ego, niepokoj\u0105cego ha\u0142asu; nie mia\u0142 ju\u017c spokoju ducha Boba i Lindy. By\u0107 mo\u017ce odziedziczy\u0142 gen ciekawo\u015bci po innej ga\u0142\u0119zi rodziny\u2026 Adam chcia\u0142 dowiedzie\u0107 si\u0119, kim by\u0142 ten intruz, zw\u0142aszcza \u017ce jego pok\u00f3j znajdowa\u0142 si\u0119 tu\u017c pod strychem.<\/p>\n\n\n\n<figure class=\"wp-block-image\"><img decoding=\"async\" src=\"https:\/\/cdn.viepratique.fr\/wp-content\/uploads\/viepratique\/2021\/09\/9-400x220.jpeg\" alt=\"\"\/><\/figure>\n\n\n\n<p><strong>9\/31<\/strong><\/p>\n\n\n\n<p>Zm\u0119czony wszystkimi scenariuszami, kt\u00f3re wyczarowywa\u0142 w g\u0142owie i wszystkimi hipotezami, kt\u00f3re podsuwa\u0142a mu wyobra\u017ania, Adam wiedzia\u0142, \u017ce nadszed\u0142 czas, aby zabra\u0107 si\u0119 do rozwi\u0105zania tej zagadki. Rozpocznie \u015bledztwo i spr\u00f3buje odkry\u0107, co od lat ukrywano na strychu. Kim by\u0142 ten bezczelny lokator, kt\u00f3ry ha\u0142asowa\u0142 pod ich dachem?<\/p>\n\n\n\n<p>Adam zebra\u0142 si\u0119 na odwag\u0119 i skierowa\u0142 prosto do pralni na g\u00f3rze, sk\u0105d dobiega\u0142 ha\u0142as. Nie mia\u0142 wtedy poj\u0119cia o (nieprzyjemnej) niespodziance, kt\u00f3ra go czeka\u0142a\u2026<\/p>\n\n\n\n<figure class=\"wp-block-image\"><img decoding=\"async\" src=\"https:\/\/cdn.viepratique.fr\/wp-content\/uploads\/viepratique\/2021\/09\/10-1-400x220.jpeg\" alt=\"\"\/><\/figure>\n\n\n\n<p><strong>10\/31<\/strong><\/p>\n\n\n\n<p>Wchodz\u0105c do pralni, Adam spojrza\u0142 w g\u00f3r\u0119. Jego wzrok przyku\u0142 niewyra\u017any ruch mi\u0119dzy starymi listwami sufitu. Zaryzykowa\u0142 wi\u0119c zerkni\u0119cie przez wlot rury, z kt\u00f3rej dochodzi\u0142 ha\u0142as, \u017ceby zobaczy\u0107, co to by\u0142o\u2026 i by\u0142 zszokowany, widz\u0105c, co si\u0119 tam kryje.<\/p>\n\n\n\n<p>Adam z pewno\u015bci\u0105 nie spodziewa\u0142 si\u0119 niespodziewanego go\u015bcia takiego kalibru. To by\u0142 prawdziwy szok jego \u017cycia i natychmiast po\u017ca\u0142owa\u0142, \u017ce poszed\u0142 na strych\u2026 Dlatego zawsze nale\u017cy s\u0142ucha\u0107 rodzic\u00f3w!<\/p>\n\n\n\n<figure class=\"wp-block-image\"><img decoding=\"async\" src=\"https:\/\/cdn.viepratique.fr\/wp-content\/uploads\/viepratique\/2021\/09\/11-4-400x220.jpg\" alt=\"\"\/><\/figure>\n\n\n\n<p><strong>11\/31<\/strong><\/p>\n\n\n\n<p>Adam omal si\u0119 nie przewr\u00f3ci\u0142 i nie upad\u0142 do ty\u0142u! Gdy tylko odzyska\u0142 przytomno\u015b\u0107, pobieg\u0142, \u017ceby opowiedzie\u0107 matce, co zobaczy\u0142 na strychu. Linda r\u00f3wnie\u017c by\u0142a w szoku. Nie mog\u0142a w to uwierzy\u0107 i by\u0142a r\u00f3wnie przera\u017cona jak jej syn.<\/p>\n\n\n\n<p>Linda by\u0142a wstrz\u0105\u015bni\u0119ta. Najwyra\u017aniej odkrycie ich nieprzyjemnego lokatora zaniepokoi\u0142oby ka\u017cdego normalnego cz\u0142owieka w podobnej sytuacji. \u201eSama w domu? A mo\u017ce jednak nie!\u201d \u2013 napisa\u0142a na Facebooku, ujawniaj\u0105c to\u017csamo\u015b\u0107 tajemniczego intruza.<\/p>\n\n\n\n<figure class=\"wp-block-image\"><img decoding=\"async\" src=\"https:\/\/cdn.viepratique.fr\/wp-content\/uploads\/viepratique\/2021\/09\/12-400x220.jpeg\" alt=\"\"\/><\/figure>\n\n\n\n<p><strong>12\/31<\/strong><\/p>\n\n\n\n<p>Kiedy Bob w ko\u0144cu zdecydowa\u0142 si\u0119 zaanga\u017cowa\u0107 w t\u0119 niebezpieczn\u0105 inspekcj\u0119 swojego strychu, on r\u00f3wnie\u017c by\u0142 \u015bwiadkiem straszliwego squata. Tym razem Bob, dla ostro\u017cno\u015bci, sfilmowa\u0142 scen\u0119, wi\u0119c w\u0142\u0105czy\u0142 kamer\u0119 i zacz\u0105\u0142 nagrywa\u0107.<\/p>\n\n\n\n<p>To, co odkry\u0142, sprawi\u0142o, \u017ce w\u0142osy stan\u0119\u0142y mu d\u0119ba\u2026 do tego stopnia, \u017ce \u200b\u200bo ma\u0142o nie upu\u015bci\u0142 kamery! Sam film Boba m\u00f3g\u0142by zarobi\u0107 miliony dolar\u00f3w szybciej ni\u017c w s\u0142ynnym programie \u201eMilionerzy\u201d!<\/p>\n\n\n\n<figure class=\"wp-block-image\"><img decoding=\"async\" src=\"https:\/\/cdn.viepratique.fr\/wp-content\/uploads\/viepratique\/2021\/09\/13-400x220.jpeg\" alt=\"\"\/><\/figure>\n\n\n\n<p><strong>13\/31<\/strong><\/p>\n\n\n\n<p>Rodzina van der Herchen\u00f3w zupe\u0142nie nie wiedzia\u0142a, jak zareagowa\u0107 i by\u0142a kompletnie zdezorientowana obecno\u015bci\u0105 niechcianego lokatora na strychu! Bob i jego rodzina w ko\u0144cu zdecydowali si\u0119 na jedyne rozwi\u0105zanie, jakie mo\u017cna by\u0142o wymy\u015bli\u0107 w takiej sytuacji: szybko zadzwonili do towarzystwa zajmuj\u0105cego si\u0119 ochron\u0105 zwierz\u0105t, b\u0119d\u0105cego cz\u0119\u015bci\u0105 stra\u017cy po\u017carnej.<\/p>\n\n\n\n<p>Zesp\u00f3\u0142 wys\u0142a\u0142 oficera kadr bezpo\u015brednio do rezydencji Van Der Herchena. Niestety, zanim dotar\u0142 na miejsce, stworzenie zd\u0105\u017cy\u0142o ju\u017c uciec przez otw\u00f3r w suficie. By\u0142o za p\u00f3\u017ano\u2026 Misja oficera, maj\u0105ca na celu odzyskanie intruza, zako\u0144czy\u0142a si\u0119 niepowodzeniem.<\/p>\n\n\n\n<figure class=\"wp-block-image\"><img decoding=\"async\" src=\"https:\/\/cdn.viepratique.fr\/wp-content\/uploads\/viepratique\/2021\/09\/14-400x220.jpeg\" alt=\"\"\/><\/figure>\n\n\n\n<p><strong>14\/31<\/strong><\/p>\n\n\n\n<p>Mimo \u017ce akcja schwytania zwierz\u0119cia zako\u0144czy\u0142a si\u0119 niepowodzeniem, urz\u0119dnik ds. kontroli zwierz\u0105t w Sarasocie zauwa\u017cy\u0142 wystarczaj\u0105co du\u017co, by poinformowa\u0107 Van der Herchens\u00f3w o swoim odkryciu: ich lokator by\u0142 potencjalnie niebezpiecznym, gigantycznym gadem!<\/p>\n\n\n\n<p>Ca\u0142a rodzina by\u0142a oszo\u0142omiona i dr\u017ca\u0142a, bo nie spodziewali si\u0119 tak przykrej wiadomo\u015bci! Nie mogli w ni\u0105 uwierzy\u0107; Bob i jego rodzina my\u015bleli co najwy\u017cej, \u017ce maj\u0105 do czynienia z gryzoniami albo paj\u0105kami, ale w\u0105\u017c wydawa\u0142 si\u0119 nieprawdopodobny, ale prawdziwy.<\/p>\n\n\n\n<figure class=\"wp-block-image\"><img decoding=\"async\" src=\"https:\/\/cdn.viepratique.fr\/wp-content\/uploads\/viepratique\/2021\/09\/15-400x220.jpeg\" alt=\"\"\/><\/figure>\n\n\n\n<p><strong>15\/31<\/strong><\/p>\n\n\n\n<p>Policjant zidentyfikowa\u0142 gada jako grzechotnika diamentowego, znanego r\u00f3wnie\u017c jako grzechotnik diamentowy wschodni. Ten gad jest niezwykle du\u017cy, a jego \u015bmierciono\u015bny jad jest por\u00f3wnywalny do ciosu, kt\u00f3ry cz\u0119sto ko\u0144czy si\u0119 \u015bmierci\u0105.<\/p>\n\n\n\n<p>Wed\u0142ug urz\u0119dnika ds. kontroli zwierz\u0105t: \u201eTrzymasz tam doros\u0142ego grzechotnika, kt\u00f3ry od lat gnie\u017adzi si\u0119 na twoim strychu; je\u015bli nie zrobisz tego, co konieczne, ten gad ci\u0119 zabije\u201d. Przynajmniej jest bezpo\u015bredni i szczery!<\/p>\n\n\n\n<figure class=\"wp-block-image\"><img decoding=\"async\" src=\"https:\/\/cdn.viepratique.fr\/wp-content\/uploads\/viepratique\/2021\/09\/16-400x220.jpeg\" alt=\"\"\/><\/figure>\n\n\n\n<p><strong>16\/31<\/strong><\/p>\n\n\n\n<p>Je\u015bli ekspert ze specjalnej jednostki stra\u017cy po\u017carnej, przeszkolony w zakresie zagro\u017ce\u0144 zwi\u0105zanych ze zwierz\u0119tami, nie by\u0142 w stanie schwyta\u0107 gro\u017anego gada, to kto m\u00f3g\u0142? W obliczu nagl\u0105cej sytuacji, Van der Herchenowie rozwa\u017cali nawet skontaktowanie si\u0119 z jednym ze swoich nieustraszonych i \u015bmia\u0142ych siostrze\u0144c\u00f3w, poniewa\u017c wiedzieli, \u017ce to odwa\u017cny facet.<\/p>\n\n\n\n<p>My\u015bleli, \u017ce podo\u0142a wyzwaniu i uda mu si\u0119 uwolni\u0107 w\u0119\u017ca bez szwanku\u2026 ale jego pr\u00f3by r\u00f3wnie\u017c zako\u0144czy\u0142y si\u0119 pora\u017ck\u0105. Wtedy zdesperowana rodzina wpad\u0142a na ostatni pomys\u0142.<\/p>\n\n\n\n<figure class=\"wp-block-image\"><img decoding=\"async\" src=\"https:\/\/cdn.viepratique.fr\/wp-content\/uploads\/viepratique\/2021\/09\/17-400x220.jpeg\" alt=\"\"\/><\/figure>\n\n\n\n<p><strong>17\/31<\/strong><\/p>\n\n\n\n<p>W ostatniej chwili rodzina Van der Herchens\u00f3w skontaktowa\u0142a si\u0119 z Markiem Lampartem, znajomym znajomego, za po\u015brednictwem Facebooka. Wygl\u0105da\u0142o na to, \u017ce Bob znalaz\u0142 w Marku prawdziwego bohatera i wybawc\u0119! Znany by\u0142 z tego, \u017ce zna\u0142 si\u0119 na gro\u017anych drapie\u017cnikach.<\/p>\n\n\n\n<p>Ten Mark ma s\u0142abo\u015b\u0107 do ryzyka i wielokrotnie bez wahania pozuje obok najniebezpieczniejszych okaz\u00f3w \u015bwiata! Zdecydowanie by\u0142 do tego stworzony!<\/p>\n\n\n\n<figure class=\"wp-block-image\"><img decoding=\"async\" src=\"https:\/\/cdn.viepratique.fr\/wp-content\/uploads\/viepratique\/2021\/09\/18-400x220.jpeg\" alt=\"\"\/><\/figure>\n\n\n\n<p><strong>18\/31<\/strong><\/p>\n\n\n\n<p>Mark potraktowa\u0142 swoj\u0105 misj\u0119 bardzo powa\u017cnie. Zdawa\u0142 sobie spraw\u0119 z niebezpiecze\u0144stwa zwi\u0105zanego ze schwytaniem w\u0119\u017ca\u2026 ale by\u0142 zdeterminowany, by znale\u017a\u0107 gada i pozby\u0107 si\u0119 go z domu Boba. Sp\u0119dzi\u0142 godziny, przygotowuj\u0105c si\u0119 do wytropienia grzechotnika, kt\u00f3ry m\u00f3g\u0142 teraz ukrywa\u0107 si\u0119 wsz\u0119dzie.<\/p>\n\n\n\n<p>Kiedy odkry\u0142 na strychu du\u017cy kawa\u0142ek suchej sk\u00f3ry (w rzeczywisto\u015bci by\u0142a to wylinka w\u0119\u017ca), Mark doszed\u0142 do wniosku, \u017ce w\u0105\u017c mieszka\u0142 z Van der Herchenami od jakiego\u015b czasu. Mro\u017c\u0105ce krew w \u017cy\u0142ach!<\/p>\n\n\n\n<figure class=\"wp-block-image\"><img decoding=\"async\" src=\"https:\/\/cdn.viepratique.fr\/wp-content\/uploads\/viepratique\/2021\/09\/19-400x220.jpeg\" alt=\"\"\/><\/figure>\n\n\n\n<p><strong>19\/31<\/strong><\/p>\n\n\n\n<p>Ta niesamowita przygoda wydawa\u0142a si\u0119 nieko\u0144cz\u0105c\u0105 si\u0119 bitw\u0105 i kiepskim remakiem filmu\u2026 Markowi, nazywanemu \u201ezaklinaczem w\u0119\u017cy\u201d, w ko\u0144cu uda\u0142o si\u0119 z\u0142apa\u0107 ogon w\u0119\u017ca! Wyci\u0105gn\u0105\u0142 go z kryj\u00f3wki w suficie Van Der Herchensa.<\/p>\n\n\n\n<p>Markowi uda\u0142o si\u0119 go obezw\u0142adni\u0107 i unieruchomi\u0107 si\u0142\u0105 i odwag\u0105. Po dok\u0142adnym zbadaniu, zda\u0142 sobie spraw\u0119, jaki to w\u0105\u017c; oficer brygady specjalnej ostatecznie b\u0142\u0119dnie zidentyfikowa\u0142 sprawc\u0119.<\/p>\n\n\n\n<figure class=\"wp-block-image\"><img decoding=\"async\" src=\"https:\/\/cdn.viepratique.fr\/wp-content\/uploads\/viepratique\/2021\/09\/20-400x220.jpeg\" alt=\"\"\/><\/figure>\n\n\n\n<p><strong>20\/31<\/strong><\/p>\n\n\n\n<p>W rzeczywisto\u015bci by\u0142 to kolumbijski boa dusiciel, a nie grzechotnik. Ten boa, cho\u0107 r\u00f3wnie niebezpieczny i imponuj\u0105cy, na szcz\u0119\u015bcie nie by\u0142 jadowity. Jego \u015bmiertelne zagro\u017cenie czyha\u0142o gdzie indziej. Boa maj\u0105 ostre k\u0142y, ale to ich imponuj\u0105ce cia\u0142a stanowi\u0105 zagro\u017cenie.<\/p>\n\n\n\n<p>U\u017cywaj\u0105 swoich mi\u0119\u015bni, aby ograniczy\u0107 dop\u0142yw tlenu i kr\u0105\u017cenie krwi do ofiary. Kiedy ju\u017c owin\u0105 si\u0119 wok\u00f3\u0142 ofiary, nie puszczaj\u0105 jej, zaciskaj\u0105c u\u015bcisk i dusz\u0105c j\u0105 a\u017c do \u015bmierci. To do\u015b\u0107 ponura i niezwykle \u015bmiertelna perspektywa\u2026<\/p>\n\n\n\n<figure class=\"wp-block-image\"><img decoding=\"async\" src=\"https:\/\/cdn.viepratique.fr\/wp-content\/uploads\/viepratique\/2021\/09\/21-400x220.jpeg\" alt=\"\"\/><\/figure>\n\n\n\n<p><strong>21\/31<\/strong><\/p>\n\n\n\n<p>Jak wi\u0119c ten pot\u0119\u017cny doros\u0142y boa dusiciel dosta\u0142 si\u0119 na strych van der Herchena? Odpowied\u017a tkwi w fakcie, \u017ce m\u0142ode boa s\u0105 zwierz\u0119tami p\u00f3\u0142nadrzewnymi, co oznacza, \u017ce \u200b\u200bpotrafi\u0105 wspina\u0107 si\u0119 na drzewa.<\/p>\n\n\n\n<p>\u201eCz\u0142onek ekipy ratunkowej powiedzia\u0142, \u017ce spad\u0142 na dach, zsuwaj\u0105c si\u0119 z ga\u0142\u0119zi drzewa\u201d \u2013 zdradzi\u0142a Linda swoim znajomym na Facebooku. Pomy\u015ble\u0107, \u017ce mieszka\u0142 tam przez ca\u0142y ten czas\u2026 A\u017c ciarki przechodz\u0105 nas na sam\u0105 my\u015bl o jego obecno\u015bci w naszym domu!<\/p>\n\n\n\n<p>Gdy zapada noc i wszyscy \u015bpi\u0105, pozostaje tylko&nbsp;<strong>cisza<\/strong>&nbsp;i&nbsp;<strong>ciemno\u015b\u0107<\/strong>&nbsp;. Najcichszy, niegro\u017any d\u017awi\u0119k jest wzmacniany dziesi\u0119ciokrotnie i nawet je\u015bli nie jeste\u015b strachliwy, nie mo\u017cesz powstrzyma\u0107 si\u0119 od wyobra\u017cania sobie przera\u017caj\u0105cych scenariuszy. Jeste\u015b w stanie najwy\u017cszej gotowo\u015bci, wyt\u0119\u017casz s\u0142uch, a czasem nawet wstajesz, \u017ceby zbada\u0107&nbsp;<strong>dziwne d\u017awi\u0119ki<\/strong>&nbsp;.<\/p>\n\n\n\n<p>Dla Adama van der Herchena z Englewood na Florydzie te odg\u0142osy by\u0142y bardzo realne i zdawa\u0142y si\u0119 dochodzi\u0107 nawet z jego&nbsp;<a href=\"https:\/\/www.viepratique.fr\/insolite\/pour-sa-femme-il-transforme-vieux-grenier-dressing-de-reves-640384.html#article#item=1\"><strong>strychu<\/strong><\/a>&nbsp;\u2026 S\u0142ysz\u0105c te&nbsp;<a href=\"https:\/\/www.viepratique.fr\/psycho\/interpretation-reves-significations-644896.html#article#item=1\">dziwne<\/a>&nbsp;d\u017awi\u0119ki , kt\u00f3re nie dawa\u0142y mu zasn\u0105\u0107, mia\u0142 kilka teorii na temat tego, co mo\u017ce tam znale\u017a\u0107. Daleki by\u0142 od wyobra\u017cenia sobie tej&nbsp;<strong>strasznej rzeczy<\/strong>&nbsp;czaj\u0105cej si\u0119 w cieniach jego strychu!<a href=\"https:\/\/www.viepratique.fr\/insolite\/pour-sa-femme-il-transforme-vieux-grenier-dressing-de-reves-640384.html#article#item=1\"><strong><\/strong><\/a><a href=\"https:\/\/www.viepratique.fr\/psycho\/interpretation-reves-significations-644896.html#article#item=1\"><\/a><strong><\/strong><\/p>\n\n\n\n<h2 class=\"wp-block-heading\">Niepokoj\u0105ce ha\u0142asy na poddaszu<\/h2>\n\n\n\n<p>Syn Boba i Lindy, Adam, zaczyna\u0142 si\u0119 naprawd\u0119 martwi\u0107. Mieszka\u0142 w domu z rodzicami. Byli tak zaj\u0119ci swoimi licznymi zaj\u0119ciami, \u017ce woleli ca\u0142kowicie ignorowa\u0107 ha\u0142as nad g\u0142owami.<\/p>\n\n\n\n<p>Adam z kolei nie m\u00f3g\u0142 ju\u017c znie\u015b\u0107 tego ci\u0105g\u0142ego, niepokoj\u0105cego&nbsp;<a href=\"https:\/\/www.viepratique.fr\/sante\/prevention\/quel-est-notre-seuil-de-tolerance-au-bruit-114535.html#article\">ha\u0142asu<\/a>&nbsp;; nie mia\u0142 ju\u017c spokoju ducha Boba i Lindy. By\u0107 mo\u017ce odziedziczy\u0142 gen ciekawo\u015bci po innej ga\u0142\u0119zi rodziny\u2026 Adam chcia\u0142 dowiedzie\u0107 si\u0119, kim by\u0142 ten intruz, zw\u0142aszcza \u017ce jego pok\u00f3j znajdowa\u0142 si\u0119 tu\u017c pod strychem. Odkryj t\u0119&nbsp;<a href=\"https:\/\/www.viepratique.fr\/loisirs\/il-trouve-coffre-mysterieux-nettoyant-latelier-de-poterie-de-grand-mere-644730.html\"><strong>histori\u0119<\/strong><\/a>&nbsp;.<\/p>\n","protected":false},"excerpt":{"rendered":"S\u0142ysz\u0105c dziwne d\u017awi\u0119ki, kt\u00f3re nie dawa\u0142y mu zasn\u0105\u0107, w\u0142a\u015bciciel domu wcale nie przypuszcza\u0142, \u017ce w cieniu jego strychu kryje si\u0119 straszna rzecz! 1\/31 \n<a class=\"moretag\" href=\"https:\/\/story24.biz.ua\/?p=20849\"> [...]<\/a>","protected":false},"author":1,"featured_media":20850,"comment_status":"open","ping_status":"open","sticky":false,"template":"","format":"standard","meta":{"footnotes":""},"categories":[1],"tags":[],"class_list":["post-20849","post","type-post","status-publish","format-standard","has-post-thumbnail","hentry","category-blog"],"_links":{"self":[{"href":"https:\/\/story24.biz.ua\/index.php?rest_route=\/wp\/v2\/posts\/20849","targetHints":{"allow":["GET"]}}],"collection":[{"href":"https:\/\/story24.biz.ua\/index.php?rest_route=\/wp\/v2\/posts"}],"about":[{"href":"https:\/\/story24.biz.ua\/index.php?rest_route=\/wp\/v2\/types\/post"}],"author":[{"embeddable":true,"href":"https:\/\/story24.biz.ua\/index.php?rest_route=\/wp\/v2\/users\/1"}],"replies":[{"embeddable":true,"href":"https:\/\/story24.biz.ua\/index.php?rest_route=%2Fwp%2Fv2%2Fcomments&post=20849"}],"version-history":[{"count":1,"href":"https:\/\/story24.biz.ua\/index.php?rest_route=\/wp\/v2\/posts\/20849\/revisions"}],"predecessor-version":[{"id":20851,"href":"https:\/\/story24.biz.ua\/index.php?rest_route=\/wp\/v2\/posts\/20849\/revisions\/20851"}],"wp:featuredmedia":[{"embeddable":true,"href":"https:\/\/story24.biz.ua\/index.php?rest_route=\/wp\/v2\/media\/20850"}],"wp:attachment":[{"href":"https:\/\/story24.biz.ua\/index.php?rest_route=%2Fwp%2Fv2%2Fmedia&parent=20849"}],"wp:term":[{"taxonomy":"category","embeddable":true,"href":"https:\/\/story24.biz.ua\/index.php?rest_route=%2Fwp%2Fv2%2Fcategories&post=20849"},{"taxonomy":"post_tag","embeddable":true,"href":"https:\/\/story24.biz.ua\/index.php?rest_route=%2Fwp%2Fv2%2Ftags&post=20849"}],"curies":[{"name":"wp","href":"https:\/\/api.w.org\/{rel}","templated":true}]}}