{"id":20653,"date":"2026-04-28T15:22:55","date_gmt":"2026-04-28T15:22:55","guid":{"rendered":"https:\/\/story24.biz.ua\/?p=20653"},"modified":"2026-04-28T15:22:55","modified_gmt":"2026-04-28T15:22:55","slug":"co-oznacza-obecnosc-dwoch-doleczkow-w-dolnej-czesci-plecow","status":"publish","type":"post","link":"https:\/\/story24.biz.ua\/?p=20653","title":{"rendered":"Co oznacza obecno\u015b\u0107 dw\u00f3ch do\u0142eczk\u00f3w w dolnej cz\u0119\u015bci plec\u00f3w?"},"content":{"rendered":"\n<h2 class=\"wp-block-heading\">By\u0107 mo\u017ce zauwa\u017cy\u0142e\u015b je u siebie, na zdj\u0119ciu z wakacji lub obserwuj\u0105c kogo\u015b na pla\u017cy: dwa ma\u0142e, symetryczne do\u0142eczki tu\u017c nad po\u015bladkami, osadzone w dolnej cz\u0119\u015bci plec\u00f3w. <\/h2>\n\n\n\n<p>Te dyskretne, cz\u0119sto podziwiane \u015blady od dawna rozbudzaj\u0105 ciekawo\u015b\u0107, fantazje i b\u0142\u0119dne przekonania. <\/p>\n\n\n\n<p>Ale co tak naprawd\u0119 oznaczaj\u0105 te do\u0142eczki? <\/p>\n\n\n\n<p>Czy s\u0105 cech\u0105 charakterystyczn\u0105, oznak\u0105 dobrego zdrowia, czy po prostu pi\u0119knym kaprysem natury? <\/p>\n\n\n\n<p>Uwaga, spoiler: odpowied\u017a jest o wiele prostsza \u2013 i bardziej uspokajaj\u0105ca \u2013 ni\u017c mog\u0142oby si\u0119 wydawa\u0107.<\/p>\n\n\n\n<h2 class=\"wp-block-heading\">Czym w\u0142a\u015bciwie s\u0105 do\u0142eczki Wenus?<\/h2>\n\n\n\n<figure class=\"wp-block-image\"><img decoding=\"async\" src=\"https:\/\/www.astucesantemag.com\/wp-content\/uploads\/46197-6.jpg\" alt=\"\" class=\"wp-image-98585\"\/><\/figure>\n\n\n\n<p>Te ma\u0142e zag\u0142\u0119bienia nosz\u0105 bardzo poetyck\u0105 nazw\u0119: do\u0142eczki Wenus, zwane r\u00f3wnie\u017c do\u0142eczkami l\u0119d\u017awiowymi. Znajduj\u0105 si\u0119 w dolnej cz\u0119\u015bci plec\u00f3w, na styku miednicy z ko\u015bci\u0105 krzy\u017cow\u0105, tu\u017c nad po\u015bladkami. Zazwyczaj wyst\u0119puj\u0105 parami i w bardzo symetryczny spos\u00f3b, co sprawia, \u017ce \u200b\u200bs\u0105 szczeg\u00f3lnie widoczne, gdy plecy s\u0105 ods\u0142oni\u0119te lub lekko pochylone.<\/p>\n\n\n\n<p>Z czysto anatomicznego punktu widzenia, do\u0142eczki te odpowiadaj\u0105 obszarom, w kt\u00f3rych pewne punkty kostne znajduj\u0105 si\u0119 bli\u017cej powierzchni sk\u00f3ry. Nic wi\u0119c dziwnego: to po prostu naturalna cecha fizyczna, jak do\u0142eczki na policzkach czy dobrze umiejscowiony pieprzyk.<\/p>\n\n\n\n<h2 class=\"wp-block-heading\">Dlaczego niekt\u00f3rzy ludzie je maj\u0105\u2026 a inni nie?<\/h2>\n\n\n\n<p>Pierwsze wyja\u015bnienie jest genetyczne. Podobnie jak kolor oczu czy kszta\u0142t nosa, obecno\u015b\u0107 do\u0142eczek Wenus jest cz\u0119sto dziedziczna. Je\u015bli rodzic je ma, istnieje wi\u0119ksze prawdopodobie\u0144stwo, \u017ce ty te\u017c je b\u0119dziesz mie\u0107.<\/p>\n\n\n\n<p>Anatomia r\u00f3wnie\u017c odgrywa wa\u017cn\u0105 rol\u0119. U niekt\u00f3rych os\u00f3b wi\u0119zad\u0142a i struktura ko\u015bci naturalnie tworz\u0105 te ma\u0142e wg\u0142\u0119bienia. Rozk\u0142ad tkanki t\u0142uszczowej i napi\u0119cie mi\u0119\u015bniowe mog\u0105 je w\u00f3wczas sprawia\u0107, \u017ce staj\u0105 si\u0119 one mniej lub bardziej widoczne. Dlatego s\u0105 one czasami bardziej widoczne u os\u00f3b szczup\u0142ych lub z dobrze rozwini\u0119tymi mi\u0119\u015bniami plec\u00f3w.<\/p>\n\n\n\n<p>Podsumowanie: ich obecno\u015b\u0107 lub brak nie ma absolutnie nic wsp\u00f3lnego z twoim stylem \u017cycia, diet\u0105 ani og\u00f3ln\u0105 kondycj\u0105 fizyczn\u0105.<\/p>\n\n\n\n<h2 class=\"wp-block-heading\">Oznaka zdrowia czy dobrego samopoczucia? Niekoniecznie.<\/h2>\n\n\n\n<p>Cz\u0119sto m\u00f3wi si\u0119, \u017ce do\u0142eczki Wenus s\u0105 oznak\u0105 \u201edobrego zdrowia\u201d lub \u201ezr\u00f3wnowa\u017conego cia\u0142a\u201d. W rzeczywisto\u015bci \u017cadne powa\u017cne badania nie potwierdzaj\u0105 tego twierdzenia. Nie s\u0105 one ani wska\u017anikiem sprawno\u015bci fizycznej, ani konkretnym sygna\u0142em wysy\u0142anym przez organizm.<\/p>\n\n\n\n<p>Dobr\u0105 wiadomo\u015bci\u0105 jest jednak to, \u017ce nie wi\u0105\u017c\u0105 si\u0119 one z \u017cadnym ryzykiem ani negatywnymi skutkami. S\u0105 to po prostu naturalne r\u00f3\u017cnice anatomiczne, niemaj\u0105ce wp\u0142ywu na&nbsp;&nbsp;<strong>samopoczucie fizyczne<\/strong>&nbsp;.<\/p>\n\n\n\n<h2 class=\"wp-block-heading\">Nie myli\u0107 z innymi zag\u0142\u0119bieniami w dolnej cz\u0119\u015bci plec\u00f3w<\/h2>\n\n\n\n<figure class=\"wp-block-image\"><img decoding=\"async\" src=\"https:\/\/www.astucesantemag.com\/wp-content\/uploads\/image-81-3.jpg\" alt=\"\" class=\"wp-image-98587\"\/><\/figure>\n\n\n\n<p>Wa\u017cna informacja: nie wszystkie do\u0142eczki w dolnej cz\u0119\u015bci plec\u00f3w s\u0105 takie same. Do\u0142eczki Wenus znajduj\u0105 si\u0119 wy\u017cej i s\u0105 idealnie symetryczne. Inne zag\u0142\u0119bienia, po\u0142o\u017cone ni\u017cej, w pobli\u017cu ko\u015bci ogonowej, mog\u0105 odpowiada\u0107 tzw. do\u0142eczkom krzy\u017cowym.<\/p>\n\n\n\n<p>S\u0105 one rzadkie i w niekt\u00f3rych przypadkach mog\u0105 wymaga\u0107 interwencji lekarskiej, zw\u0142aszcza je\u015bli towarzysz\u0105 im inne widoczne objawy na sk\u00f3rze. Nie maj\u0105 zatem \u017cadnego zwi\u0105zku z do\u0142eczkami Wenus, kt\u00f3re s\u0105 ca\u0142kowicie \u0142agodne.<\/p>\n\n\n\n<h2 class=\"wp-block-heading\">A co w takim razie z m\u0119\u017cczyznami?<\/h2>\n\n\n\n<figure class=\"wp-block-image\"><img decoding=\"async\" src=\"https:\/\/www.astucesantemag.com\/wp-content\/uploads\/image-83-2.jpg\" alt=\"\" class=\"wp-image-98586\"\/><\/figure>\n\n\n\n<p>U m\u0119\u017cczyzn nazywa si\u0119 je czasem \u201edo\u0142eczkami Apollina\u201d. Nazwa si\u0119 zmienia, ale rzeczywisto\u015b\u0107 jest dok\u0142adnie taka sama: ta sama lokalizacja, to samo pochodzenie, ten sam brak znaczenia medycznego. Zmienia si\u0119 tylko nazwa, ze wzgl\u0119d\u00f3w kulturowych i estetycznych.<\/p>\n\n\n\n<h2 class=\"wp-block-heading\">Dlaczego s\u0105 tak fascynuj\u0105ce?<\/h2>\n\n\n\n<p>Prawdopodobnie dlatego, \u017ce s\u0105 rzadkie, dyskretne i cz\u0119sto kojarzone z pewn\u0105 harmoni\u0105 form. W wielu kulturach by\u0142y postrzegane jako atrakcyjny, niemal artystyczny detal, cho\u0107 nikt tak naprawd\u0119 nie wiedzia\u0142 dlaczego.<\/p>\n\n\n\n<p>Jednak ostatecznie ich urok tkwi przede wszystkim w tym, co reprezentuj\u0105: r\u00f3\u017cnorodno\u015bci cia\u0142 i tych ma\u0142ych osobliwo\u015bciach, kt\u00f3re sprawiaj\u0105, \u017ce ka\u017cde z nich jest wyj\u0105tkowe.<\/p>\n\n\n\n<p>Posiadanie dw\u00f3ch do\u0142k\u00f3w w dolnej cz\u0119\u015bci plec\u00f3w nie oznacza niczego wi\u0119cej\u2026 i nic mniej ni\u017c&nbsp;&nbsp;<strong>naturaln\u0105 osobliwo\u015b\u0107<\/strong>&nbsp;, kt\u00f3r\u0105 nale\u017cy nosi\u0107 z oboj\u0119tno\u015bci\u0105 lub dum\u0105, w zale\u017cno\u015bci od nastroju dnia.<\/p>\n","protected":false},"excerpt":{"rendered":"By\u0107 mo\u017ce zauwa\u017cy\u0142e\u015b je u siebie, na zdj\u0119ciu z wakacji lub obserwuj\u0105c kogo\u015b na pla\u017cy: dwa ma\u0142e, symetryczne do\u0142eczki tu\u017c nad po\u015bladkami, osadzone \n<a class=\"moretag\" href=\"https:\/\/story24.biz.ua\/?p=20653\"> [...]<\/a>","protected":false},"author":1,"featured_media":20654,"comment_status":"open","ping_status":"open","sticky":false,"template":"","format":"standard","meta":{"footnotes":""},"categories":[1],"tags":[],"class_list":["post-20653","post","type-post","status-publish","format-standard","has-post-thumbnail","hentry","category-blog"],"_links":{"self":[{"href":"https:\/\/story24.biz.ua\/index.php?rest_route=\/wp\/v2\/posts\/20653","targetHints":{"allow":["GET"]}}],"collection":[{"href":"https:\/\/story24.biz.ua\/index.php?rest_route=\/wp\/v2\/posts"}],"about":[{"href":"https:\/\/story24.biz.ua\/index.php?rest_route=\/wp\/v2\/types\/post"}],"author":[{"embeddable":true,"href":"https:\/\/story24.biz.ua\/index.php?rest_route=\/wp\/v2\/users\/1"}],"replies":[{"embeddable":true,"href":"https:\/\/story24.biz.ua\/index.php?rest_route=%2Fwp%2Fv2%2Fcomments&post=20653"}],"version-history":[{"count":1,"href":"https:\/\/story24.biz.ua\/index.php?rest_route=\/wp\/v2\/posts\/20653\/revisions"}],"predecessor-version":[{"id":20655,"href":"https:\/\/story24.biz.ua\/index.php?rest_route=\/wp\/v2\/posts\/20653\/revisions\/20655"}],"wp:featuredmedia":[{"embeddable":true,"href":"https:\/\/story24.biz.ua\/index.php?rest_route=\/wp\/v2\/media\/20654"}],"wp:attachment":[{"href":"https:\/\/story24.biz.ua\/index.php?rest_route=%2Fwp%2Fv2%2Fmedia&parent=20653"}],"wp:term":[{"taxonomy":"category","embeddable":true,"href":"https:\/\/story24.biz.ua\/index.php?rest_route=%2Fwp%2Fv2%2Fcategories&post=20653"},{"taxonomy":"post_tag","embeddable":true,"href":"https:\/\/story24.biz.ua\/index.php?rest_route=%2Fwp%2Fv2%2Ftags&post=20653"}],"curies":[{"name":"wp","href":"https:\/\/api.w.org\/{rel}","templated":true}]}}